{"id":10187,"date":"2024-12-11T16:34:13","date_gmt":"2024-12-11T15:34:13","guid":{"rendered":"https:\/\/www.afisec.com\/?p=10187"},"modified":"2025-01-29T16:50:11","modified_gmt":"2025-01-29T15:50:11","slug":"fiscal-los-autonomos-que-facturen-menos-de-85-000-e-no-pagaran-iva","status":"publish","type":"post","link":"https:\/\/www.afisec.com\/es\/fiscal-los-autonomos-que-facturen-menos-de-85-000-e-no-pagaran-iva\/","title":{"rendered":"FISCAL. \u00bfLos aut\u00f3nomos que facturen menos de 85.000 \u20ac no pagar\u00e1n IVA?"},"content":{"rendered":"\n<figure class=\"wp-block-image size-full\"><img loading=\"lazy\" decoding=\"async\" width=\"200\" height=\"270\" src=\"https:\/\/www.afisec.com\/wp-content\/uploads\/FOTO-FISCAL-66.jpg\" alt=\"\" class=\"wp-image-10189\"\/><\/figure>\n\n\n<h5 id=\"tw-target-text\" class=\"tw-data-text tw-text-large tw-ta\" dir=\"ltr\" data-placeholder=\"Traducci\u00f3n\" data-ved=\"2ahUKEwjXpdTnm5uLAxVlRKQEHde2JdgQ3ewLegQIBxAV\" aria-label=\"Texto traducido: FISCAL\n\n\u00bfLos aut\u00f3nomos que facturen menos de 85.000 \u20ac no pagar\u00e1n IVA?\n\nHacienda ha desmentido definitivamente los rumores de que en 2025 los aut\u00f3nomos y peque\u00f1as empresas dejar\u00e1n de liquidar IVA si su facturaci\u00f3n es inferior a 85.000 \u20ac al a\u00f1o.\n\nLa confusi\u00f3n viene de la Directiva (UE) 2020\/285 que obliga a los pa\u00edses miembros de la Uni\u00f3n Europea a aplicarlo, siendo Espa\u00f1a el \u00fanico pa\u00eds miembro que a\u00fan no lo ha implementado. \n\nActualmente Hacienda, las asociaciones y los sindicatos de aut\u00f3nomos est\u00e1n en negociaciones. Este nuevo r\u00e9gimen especial de IVA, que se llamar\u00e1 &quot;franquiciado&quot; permitir\u00e1 no presentar las declaraciones trimestrales de IVA y tambi\u00e9n podr\u00e1 facturarse sin IVA.  \n\nLos aut\u00f3nomos podr\u00e1n elegir entre ese nuevo r\u00e9gimen o seguir con el r\u00e9gimen general. Ahora bien, si el aut\u00f3nomo elige ese nuevo IVA franquiciado, no podr\u00e1 aumentar su volumen de negocio en m\u00e1s de un 10%. Si lo supera, entonces tendr\u00e1 que volver al r\u00e9gimen general. Pero, de momento, todav\u00eda no se aplica en Espa\u00f1a y es necesario seguir liquidando y facturando con IVA.\"><strong><span class=\"Y2IQFc\" lang=\"es\">Hacienda ha desmentido definitivamente los rumores de que en 2025 los aut\u00f3nomos y peque\u00f1as empresas dejar\u00e1n de liquidar IVA si su facturaci\u00f3n es inferior a 85.000 \u20ac al a\u00f1o.<\/span><\/strong><\/h5>\n<p id=\"tw-target-text\" class=\"tw-data-text tw-text-large tw-ta\" dir=\"ltr\" data-placeholder=\"Traducci\u00f3n\" data-ved=\"2ahUKEwjXpdTnm5uLAxVlRKQEHde2JdgQ3ewLegQIBxAV\" aria-label=\"Texto traducido: FISCAL\n\n\u00bfLos aut\u00f3nomos que facturen menos de 85.000 \u20ac no pagar\u00e1n IVA?\n\nHacienda ha desmentido definitivamente los rumores de que en 2025 los aut\u00f3nomos y peque\u00f1as empresas dejar\u00e1n de liquidar IVA si su facturaci\u00f3n es inferior a 85.000 \u20ac al a\u00f1o.\n\nLa confusi\u00f3n viene de la Directiva (UE) 2020\/285 que obliga a los pa\u00edses miembros de la Uni\u00f3n Europea a aplicarlo, siendo Espa\u00f1a el \u00fanico pa\u00eds miembro que a\u00fan no lo ha implementado. \n\nActualmente Hacienda, las asociaciones y los sindicatos de aut\u00f3nomos est\u00e1n en negociaciones. Este nuevo r\u00e9gimen especial de IVA, que se llamar\u00e1 &quot;franquiciado&quot; permitir\u00e1 no presentar las declaraciones trimestrales de IVA y tambi\u00e9n podr\u00e1 facturarse sin IVA.  \n\nLos aut\u00f3nomos podr\u00e1n elegir entre ese nuevo r\u00e9gimen o seguir con el r\u00e9gimen general. Ahora bien, si el aut\u00f3nomo elige ese nuevo IVA franquiciado, no podr\u00e1 aumentar su volumen de negocio en m\u00e1s de un 10%. Si lo supera, entonces tendr\u00e1 que volver al r\u00e9gimen general. Pero, de momento, todav\u00eda no se aplica en Espa\u00f1a y es necesario seguir liquidando y facturando con IVA.\"><span class=\"Y2IQFc\" lang=\"es\">La confusi\u00f3n viene de la Directiva (UE) 2020\/285 que obliga a los pa\u00edses miembros de la Uni\u00f3n Europea a aplicarlo, siendo Espa\u00f1a el \u00fanico pa\u00eds miembro que a\u00fan no lo ha implementado. <\/span><\/p>\n<p class=\"tw-data-text tw-text-large tw-ta\" dir=\"ltr\" data-placeholder=\"Traducci\u00f3n\" data-ved=\"2ahUKEwjXpdTnm5uLAxVlRKQEHde2JdgQ3ewLegQIBxAV\" aria-label=\"Texto traducido: FISCAL\n\n\u00bfLos aut\u00f3nomos que facturen menos de 85.000 \u20ac no pagar\u00e1n IVA?\n\nHacienda ha desmentido definitivamente los rumores de que en 2025 los aut\u00f3nomos y peque\u00f1as empresas dejar\u00e1n de liquidar IVA si su facturaci\u00f3n es inferior a 85.000 \u20ac al a\u00f1o.\n\nLa confusi\u00f3n viene de la Directiva (UE) 2020\/285 que obliga a los pa\u00edses miembros de la Uni\u00f3n Europea a aplicarlo, siendo Espa\u00f1a el \u00fanico pa\u00eds miembro que a\u00fan no lo ha implementado. \n\nActualmente Hacienda, las asociaciones y los sindicatos de aut\u00f3nomos est\u00e1n en negociaciones. Este nuevo r\u00e9gimen especial de IVA, que se llamar\u00e1 &quot;franquiciado&quot; permitir\u00e1 no presentar las declaraciones trimestrales de IVA y tambi\u00e9n podr\u00e1 facturarse sin IVA.  \n\nLos aut\u00f3nomos podr\u00e1n elegir entre ese nuevo r\u00e9gimen o seguir con el r\u00e9gimen general. Ahora bien, si el aut\u00f3nomo elige ese nuevo IVA franquiciado, no podr\u00e1 aumentar su volumen de negocio en m\u00e1s de un 10%. Si lo supera, entonces tendr\u00e1 que volver al r\u00e9gimen general. Pero, de momento, todav\u00eda no se aplica en Espa\u00f1a y es necesario seguir liquidando y facturando con IVA.\"><span class=\"Y2IQFc\" lang=\"es\">Actualmente Hacienda, las asociaciones y los sindicatos de aut\u00f3nomos est\u00e1n en negociaciones. <strong>Este nuevo r\u00e9gimen especial de IVA, que se llamar\u00e1 \u00abfranquiciado\u00bb permitir\u00e1 no presentar las declaraciones trimestrales de IVA y tambi\u00e9n podr\u00e1 facturarse sin IVA. <\/strong><\/span><\/p>\n<p class=\"tw-data-text tw-text-large tw-ta\" dir=\"ltr\" data-placeholder=\"Traducci\u00f3n\" data-ved=\"2ahUKEwjXpdTnm5uLAxVlRKQEHde2JdgQ3ewLegQIBxAV\" aria-label=\"Texto traducido: FISCAL\n\n\u00bfLos aut\u00f3nomos que facturen menos de 85.000 \u20ac no pagar\u00e1n IVA?\n\nHacienda ha desmentido definitivamente los rumores de que en 2025 los aut\u00f3nomos y peque\u00f1as empresas dejar\u00e1n de liquidar IVA si su facturaci\u00f3n es inferior a 85.000 \u20ac al a\u00f1o.\n\nLa confusi\u00f3n viene de la Directiva (UE) 2020\/285 que obliga a los pa\u00edses miembros de la Uni\u00f3n Europea a aplicarlo, siendo Espa\u00f1a el \u00fanico pa\u00eds miembro que a\u00fan no lo ha implementado. \n\nActualmente Hacienda, las asociaciones y los sindicatos de aut\u00f3nomos est\u00e1n en negociaciones. Este nuevo r\u00e9gimen especial de IVA, que se llamar\u00e1 &quot;franquiciado&quot; permitir\u00e1 no presentar las declaraciones trimestrales de IVA y tambi\u00e9n podr\u00e1 facturarse sin IVA.  \n\nLos aut\u00f3nomos podr\u00e1n elegir entre ese nuevo r\u00e9gimen o seguir con el r\u00e9gimen general. Ahora bien, si el aut\u00f3nomo elige ese nuevo IVA franquiciado, no podr\u00e1 aumentar su volumen de negocio en m\u00e1s de un 10%. Si lo supera, entonces tendr\u00e1 que volver al r\u00e9gimen general. Pero, de momento, todav\u00eda no se aplica en Espa\u00f1a y es necesario seguir liquidando y facturando con IVA.\"><span class=\"Y2IQFc\" lang=\"es\"> Los aut\u00f3nomos podr\u00e1n elegir entre ese nuevo r\u00e9gimen o seguir con el r\u00e9gimen general. Ahora bien, si el aut\u00f3nomo elige ese nuevo <strong>IVA franquiciado<\/strong>, no podr\u00e1 aumentar su volumen de negocio en m\u00e1s de un 10%. Si lo supera, entonces tendr\u00e1 que volver al r\u00e9gimen general. <strong>Pero, de momento, todav\u00eda no se aplica en Espa\u00f1a y es necesario seguir liquidando y facturando con IVA.<\/strong><\/span><\/p>","protected":false},"excerpt":{"rendered":"<p>Hacienda ha desmentido definitivamente los rumores de que en 2025 los aut\u00f3nomos y peque\u00f1as empresas dejar\u00e1n de liquidar IVA si su facturaci\u00f3n es inferior a 85.000 \u20ac al a\u00f1o. La confusi\u00f3n viene de la Directiva (UE) 2020\/285 que obliga a los pa\u00edses miembros de la Uni\u00f3n Europea a aplicarlo, siendo Espa\u00f1a el \u00fanico pa\u00eds miembro &#8230;<\/p>\n","protected":false},"author":5,"featured_media":0,"comment_status":"closed","ping_status":"closed","sticky":false,"template":"","format":"standard","meta":{"_monsterinsights_skip_tracking":false,"_monsterinsights_sitenote_active":false,"_monsterinsights_sitenote_note":"","_monsterinsights_sitenote_category":0,"footnotes":""},"categories":[106],"tags":[377,1361],"class_list":["post-10187","post","type-post","status-publish","format-standard","hentry","category-asesoria-y-gestion-fiscal","tag-autonomos","tag-iva-2"],"_links":{"self":[{"href":"https:\/\/www.afisec.com\/es\/wp-json\/wp\/v2\/posts\/10187","targetHints":{"allow":["GET"]}}],"collection":[{"href":"https:\/\/www.afisec.com\/es\/wp-json\/wp\/v2\/posts"}],"about":[{"href":"https:\/\/www.afisec.com\/es\/wp-json\/wp\/v2\/types\/post"}],"author":[{"embeddable":true,"href":"https:\/\/www.afisec.com\/es\/wp-json\/wp\/v2\/users\/5"}],"replies":[{"embeddable":true,"href":"https:\/\/www.afisec.com\/es\/wp-json\/wp\/v2\/comments?post=10187"}],"version-history":[{"count":3,"href":"https:\/\/www.afisec.com\/es\/wp-json\/wp\/v2\/posts\/10187\/revisions"}],"predecessor-version":[{"id":10193,"href":"https:\/\/www.afisec.com\/es\/wp-json\/wp\/v2\/posts\/10187\/revisions\/10193"}],"wp:attachment":[{"href":"https:\/\/www.afisec.com\/es\/wp-json\/wp\/v2\/media?parent=10187"}],"wp:term":[{"taxonomy":"category","embeddable":true,"href":"https:\/\/www.afisec.com\/es\/wp-json\/wp\/v2\/categories?post=10187"},{"taxonomy":"post_tag","embeddable":true,"href":"https:\/\/www.afisec.com\/es\/wp-json\/wp\/v2\/tags?post=10187"}],"curies":[{"name":"wp","href":"https:\/\/api.w.org\/{rel}","templated":true}]}}