{"id":10194,"date":"2024-12-11T16:52:19","date_gmt":"2024-12-11T15:52:19","guid":{"rendered":"https:\/\/www.afisec.com\/?p=10194"},"modified":"2025-01-29T17:13:08","modified_gmt":"2025-01-29T16:13:08","slug":"fiscal-las-pymes-tendran-que-compartir-las-facturas-con-hacienda-en-enero-del-2026-y-los-autonomos-en-julio-del-mismo-ano","status":"publish","type":"post","link":"https:\/\/www.afisec.com\/es\/fiscal-las-pymes-tendran-que-compartir-las-facturas-con-hacienda-en-enero-del-2026-y-los-autonomos-en-julio-del-mismo-ano\/","title":{"rendered":"FISCAL. Las pymes tendr\u00e1n que compartir las facturas con Hacienda en enero del 2026 y los aut\u00f3nomos, en julio del mismo a\u00f1o"},"content":{"rendered":"\n<figure class=\"wp-block-image size-full\"><img loading=\"lazy\" decoding=\"async\" width=\"200\" height=\"270\" src=\"https:\/\/www.afisec.com\/wp-content\/uploads\/FOTO-FISCAL-2-10.jpg\" alt=\"\" class=\"wp-image-10197\"\/><\/figure>\n\n\n<h5 id=\"tw-target-text\" class=\"tw-data-text tw-text-large tw-ta\" dir=\"ltr\" data-placeholder=\"Traducci\u00f3n\" data-ved=\"2ahUKEwjJjoW__JqLAxXznf0HHc22NSMQ3ewLegQIBxAV\" aria-label=\"Texto traducido: FISCAL\n\nLas pymes tendr\u00e1n que compartir las facturas con Hacienda en enero del 2026 y los aut\u00f3nomos, en julio del mismo a\u00f1o \n\n\nHacienda ya tiene fecha para que entre en marcha la nueva obligaci\u00f3n para que pymes y aut\u00f3nomos que ingresen menos de 6 millones de euros compartan de forma inmediata la facturaci\u00f3n con el fisco. \n\nEl Ministerio prev\u00e9 que este deber entre en vigor de forma escalonada, de forma que las empresas empiecen a remitir sus facturas a la Agencia Tributaria a partir del 1.1.2026, y los aut\u00f3nomos lo hagan a partir del 1.7. 2026. Esta obligaci\u00f3n emana de la Ley contra el fraude fiscal de 2021 y persigue prevenir cualquier tipo de elusi\u00f3n de impuestos y luchar contra la econom\u00eda sumergida. \n\nAsimismo, el Ministerio de Hacienda recuerda que los nuevos requisitos de los programas de facturaci\u00f3n s\u00f3lo ser\u00e1n necesarios para empresas que facturen menos de 6 millones, y no tendr\u00e1n que cumplirlos los softwares que ya dan servicio a las compa\u00f1\u00edas que superan este volumen de negocio y que desde 2017 ya remiten las facturas al fisco a trav\u00e9s del Suministro Inmediato de Informaci\u00f3n (SII).\"><span class=\"Y2IQFc\" lang=\"es\"><strong>Hacienda ya tiene fecha para que entre en marcha la nueva obligaci\u00f3n para que pymes y aut\u00f3nomos que ingresen menos de 6 millones de euros compartan de forma inmediata la facturaci\u00f3n con el fisco.<\/strong> <\/span><\/h5>\n\n<p id=\"tw-target-text\" class=\"tw-data-text tw-text-large tw-ta\" dir=\"ltr\" data-placeholder=\"Traducci\u00f3n\" data-ved=\"2ahUKEwjJjoW__JqLAxXznf0HHc22NSMQ3ewLegQIBxAV\" aria-label=\"Texto traducido: FISCAL\n\nLas pymes tendr\u00e1n que compartir las facturas con Hacienda en enero del 2026 y los aut\u00f3nomos, en julio del mismo a\u00f1o \n\n\nHacienda ya tiene fecha para que entre en marcha la nueva obligaci\u00f3n para que pymes y aut\u00f3nomos que ingresen menos de 6 millones de euros compartan de forma inmediata la facturaci\u00f3n con el fisco. \n\nEl Ministerio prev\u00e9 que este deber entre en vigor de forma escalonada, de forma que las empresas empiecen a remitir sus facturas a la Agencia Tributaria a partir del 1.1.2026, y los aut\u00f3nomos lo hagan a partir del 1.7. 2026. Esta obligaci\u00f3n emana de la Ley contra el fraude fiscal de 2021 y persigue prevenir cualquier tipo de elusi\u00f3n de impuestos y luchar contra la econom\u00eda sumergida. \n\nAsimismo, el Ministerio de Hacienda recuerda que los nuevos requisitos de los programas de facturaci\u00f3n s\u00f3lo ser\u00e1n necesarios para empresas que facturen menos de 6 millones, y no tendr\u00e1n que cumplirlos los softwares que ya dan servicio a las compa\u00f1\u00edas que superan este volumen de negocio y que desde 2017 ya remiten las facturas al fisco a trav\u00e9s del Suministro Inmediato de Informaci\u00f3n (SII).\"><span class=\"Y2IQFc\" lang=\"es\">El Ministerio prev\u00e9 que este deber entre en vigor de forma escalonada, de forma que las empresas empiecen a remitir sus facturas a la Agencia Tributaria a partir del 1.1.2026, y los aut\u00f3nomos lo hagan a partir del 1.7. 2026. Esta obligaci\u00f3n emana de la <strong>Ley contra el fraude fiscal de 2021 y persigue prevenir cualquier tipo de elusi\u00f3n de impuestos y luchar contra la econom\u00eda sumergida. <\/strong><\/span><\/p>\n<p class=\"tw-data-text tw-text-large tw-ta\" dir=\"ltr\" data-placeholder=\"Traducci\u00f3n\" data-ved=\"2ahUKEwjJjoW__JqLAxXznf0HHc22NSMQ3ewLegQIBxAV\" aria-label=\"Texto traducido: FISCAL\n\nLas pymes tendr\u00e1n que compartir las facturas con Hacienda en enero del 2026 y los aut\u00f3nomos, en julio del mismo a\u00f1o \n\n\nHacienda ya tiene fecha para que entre en marcha la nueva obligaci\u00f3n para que pymes y aut\u00f3nomos que ingresen menos de 6 millones de euros compartan de forma inmediata la facturaci\u00f3n con el fisco. \n\nEl Ministerio prev\u00e9 que este deber entre en vigor de forma escalonada, de forma que las empresas empiecen a remitir sus facturas a la Agencia Tributaria a partir del 1.1.2026, y los aut\u00f3nomos lo hagan a partir del 1.7. 2026. Esta obligaci\u00f3n emana de la Ley contra el fraude fiscal de 2021 y persigue prevenir cualquier tipo de elusi\u00f3n de impuestos y luchar contra la econom\u00eda sumergida. \n\nAsimismo, el Ministerio de Hacienda recuerda que los nuevos requisitos de los programas de facturaci\u00f3n s\u00f3lo ser\u00e1n necesarios para empresas que facturen menos de 6 millones, y no tendr\u00e1n que cumplirlos los softwares que ya dan servicio a las compa\u00f1\u00edas que superan este volumen de negocio y que desde 2017 ya remiten las facturas al fisco a trav\u00e9s del Suministro Inmediato de Informaci\u00f3n (SII).\"><span class=\"Y2IQFc\" lang=\"es\">Asimismo, el Ministerio de Hacienda recuerda que <strong>los nuevos requisitos de los programas de facturaci\u00f3n s\u00f3lo ser\u00e1n necesarios para empresas que facturen menos de 6 millones,<\/strong> y no tendr\u00e1n que cumplirlos los softwares que ya dan servicio a las compa\u00f1\u00edas que superan este volumen de negocio y que desde 2017 ya remiten las facturas al fisco a trav\u00e9s del Suministro Inmediato de Informaci\u00f3n (SII).<\/span><\/p>\n\n\n<p><\/p>\n","protected":false},"excerpt":{"rendered":"<p>Hacienda ya tiene fecha para que entre en marcha la nueva obligaci\u00f3n para que pymes y aut\u00f3nomos que ingresen menos de 6 millones de euros compartan de forma inmediata la facturaci\u00f3n con el fisco. El Ministerio prev\u00e9 que este deber entre en vigor de forma escalonada, de forma que las empresas empiecen a remitir sus &#8230;<\/p>\n","protected":false},"author":5,"featured_media":0,"comment_status":"closed","ping_status":"closed","sticky":false,"template":"","format":"standard","meta":{"_monsterinsights_skip_tracking":false,"_monsterinsights_sitenote_active":false,"_monsterinsights_sitenote_note":"","_monsterinsights_sitenote_category":0,"footnotes":""},"categories":[106],"tags":[1362,1286],"class_list":["post-10194","post","type-post","status-publish","format-standard","hentry","category-asesoria-y-gestion-fiscal","tag-facturas-con-hacienda","tag-pymes-y-autonomos"],"_links":{"self":[{"href":"https:\/\/www.afisec.com\/es\/wp-json\/wp\/v2\/posts\/10194","targetHints":{"allow":["GET"]}}],"collection":[{"href":"https:\/\/www.afisec.com\/es\/wp-json\/wp\/v2\/posts"}],"about":[{"href":"https:\/\/www.afisec.com\/es\/wp-json\/wp\/v2\/types\/post"}],"author":[{"embeddable":true,"href":"https:\/\/www.afisec.com\/es\/wp-json\/wp\/v2\/users\/5"}],"replies":[{"embeddable":true,"href":"https:\/\/www.afisec.com\/es\/wp-json\/wp\/v2\/comments?post=10194"}],"version-history":[{"count":1,"href":"https:\/\/www.afisec.com\/es\/wp-json\/wp\/v2\/posts\/10194\/revisions"}],"predecessor-version":[{"id":10199,"href":"https:\/\/www.afisec.com\/es\/wp-json\/wp\/v2\/posts\/10194\/revisions\/10199"}],"wp:attachment":[{"href":"https:\/\/www.afisec.com\/es\/wp-json\/wp\/v2\/media?parent=10194"}],"wp:term":[{"taxonomy":"category","embeddable":true,"href":"https:\/\/www.afisec.com\/es\/wp-json\/wp\/v2\/categories?post=10194"},{"taxonomy":"post_tag","embeddable":true,"href":"https:\/\/www.afisec.com\/es\/wp-json\/wp\/v2\/tags?post=10194"}],"curies":[{"name":"wp","href":"https:\/\/api.w.org\/{rel}","templated":true}]}}