{"id":10650,"date":"2025-07-15T17:45:53","date_gmt":"2025-07-15T15:45:53","guid":{"rendered":"https:\/\/www.afisec.com\/?p=10650"},"modified":"2025-07-22T13:40:07","modified_gmt":"2025-07-22T11:40:07","slug":"juridico-el-registro-unico-de-alquileres-de-corta-duracion-se-ha-hecho-efectivo-el-1-de-julio-de-este-ano","status":"publish","type":"post","link":"https:\/\/www.afisec.com\/es\/juridico-el-registro-unico-de-alquileres-de-corta-duracion-se-ha-hecho-efectivo-el-1-de-julio-de-este-ano\/","title":{"rendered":"JUR\u00cdDICO. El Registro \u00danico de Alquileres de Corta Duraci\u00f3n se ha hecho efectivo el 1 de julio de este a\u00f1o"},"content":{"rendered":"<h5 dir=\"ltr\" data-placeholder=\"Traducci\u00f3n\" data-ved=\"2ahUKEwjTiovFl86OAxWWVaQEHbaTEXQQ3ewLegQICRAV\" aria-label=\"Texto traducido: JUR\u00cdDICO El Registro \u00danico de Alquileres de Corta Duraci\u00f3n se ha hecho efectivo el 1 de julio de este a\u00f1o A partir del 1 de julio de 2025 es obligatorio registrar todas las propiedades dedicadas al alquiler de temporada (apartamentos tur\u00edsticos, habitaciones, alquileres de temporada y embarcaciones, entre otros) en el Registro \u00danico de Arrendamientos y obtener un n\u00famero de registro de arrendamiento. El Registro \u00danico de Alquileres de Corta Duraci\u00f3n es una iniciativa que busca regular y formalizar el mercado de alquileres temporales, promoviendo la transparencia y protecci\u00f3n tanto para propietarios como para inquilinos. En adelante, todos los propietarios que ofrezcan sus propiedades en plataformas de alquiler de corta duraci\u00f3n deben inscribirse en este registro, proporcionando informaci\u00f3n b\u00e1sica sobre sus propiedades y contratos. La inscripci\u00f3n es sencilla y puede realizarse online a trav\u00e9s de la plataforma oficial. Cumplir con esta normativa ayuda a evitar sanciones, facilita su fiscalizaci\u00f3n y contribuye a un mercado m\u00e1s justo y ordenado. M\u00e1s informaci\u00f3n\"><img loading=\"lazy\" decoding=\"async\" class=\"alignnone size-full wp-image-10626\" src=\"https:\/\/www.afisec.com\/wp-content\/uploads\/FOTO-JURIDIC-25.jpg\" alt=\"\" width=\"200\" height=\"270\" \/><\/h5>\n<h5 id=\"tw-target-text\" class=\"tw-data-text tw-text-large tw-ta\" dir=\"ltr\" data-placeholder=\"Traducci\u00f3n\" data-ved=\"2ahUKEwjTiovFl86OAxWWVaQEHbaTEXQQ3ewLegQICRAV\" aria-label=\"Texto traducido: JUR\u00cdDICO El Registro \u00danico de Alquileres de Corta Duraci\u00f3n se ha hecho efectivo el 1 de julio de este a\u00f1o A partir del 1 de julio de 2025 es obligatorio registrar todas las propiedades dedicadas al alquiler de temporada (apartamentos tur\u00edsticos, habitaciones, alquileres de temporada y embarcaciones, entre otros) en el Registro \u00danico de Arrendamientos y obtener un n\u00famero de registro de arrendamiento. El Registro \u00danico de Alquileres de Corta Duraci\u00f3n es una iniciativa que busca regular y formalizar el mercado de alquileres temporales, promoviendo la transparencia y protecci\u00f3n tanto para propietarios como para inquilinos. En adelante, todos los propietarios que ofrezcan sus propiedades en plataformas de alquiler de corta duraci\u00f3n deben inscribirse en este registro, proporcionando informaci\u00f3n b\u00e1sica sobre sus propiedades y contratos. La inscripci\u00f3n es sencilla y puede realizarse online a trav\u00e9s de la plataforma oficial. Cumplir con esta normativa ayuda a evitar sanciones, facilita su fiscalizaci\u00f3n y contribuye a un mercado m\u00e1s justo y ordenado. M\u00e1s informaci\u00f3n\"><strong><span class=\"Y2IQFc\" lang=\"es\">A partir del 1 de julio de 2025 es obligatorio registrar todas las propiedades dedicadas al alquiler de temporada (apartamentos tur\u00edsticos, habitaciones, alquileres de temporada y embarcaciones, entre otros) en el Registro \u00danico de Arrendamientos y obtener un n\u00famero de registro de arrendamiento.<\/span><\/strong><\/h5>\n<div id=\"tw-container\" class=\"nev7se\" data-cp=\"1\" data-nnttsvi=\"1\" data-ntl-fpwrite=\"true\" data-sletp=\"false\" data-sm=\"1\" data-ssbp=\"false\" data-sugg-time=\"500\" data-sugg-url=\"https:\/\/clients1.google.com\/complete\/search\" data-uilc=\"es\" data-vil=\",af,af-ZA,am,am-ET,ar-EG,ar-AE,ar-KW,ar-QA,ar,ar-IL,ar-JO,ar-LB,ar-PS,az,az-AZ,bg,bg-BG,bn,bn-BD,bn-IN,ca,ca-es,cs,cs-CZ,de,de-DE,de-CH,de-AT,de-LI,en,en-US,en-CA,en-AU,en-NZ,en-GB,en-IN,en-KE,en-TZ,en-NG,en-GH,en-PH,en-ZA,es,es-ES,es-AR,es-UY,es-419,es-BO,es-CL,es-CR,es-CO,es-DO,es-EC,es-GT,es-HN,es-NI,es-PA,es-PE,es-PR,es-PY,es-SV,es-VE,es-MX,es-US,eu,eu-ES,fi,fi-FI,fr,fr-FR,fr-CH,fr-BE,gl,gl-ES,gu,gu-IN,he,he-IL,iw,iw-IL,hu,hu-HU,hy,hy-AM,id,id-ID,is,is-IS,it,it-IT,it-CH,ja,ja-JP,jv,jv-ID,ka,ka-GE,km,km-KH,kn,kn-IN,ko,ko-KR,la,lo,lo-LA,lv,lv-LV,ml,ml-IN,mr,mr-IN,ms,ms-MY,nl,nl-NL,nb,nb-NO,ne,ne-NP,pl,pl-PL,pt,pt-BR,pt-PT,ro,ro-RO,ru,ru-RU,si-LK,sk,sk-SK,sr,sr-RS,su,su-ID,sv,sv-SE,sw,sw-TZ,sw-KE,ta,ta-IN,ta-SG,ta-LK,ta-MY,te,te-IN,tr,tr-TR,ur,ur-PK,ur-IN,yue,yue-HK,yue-Hant-HK,zh-HK,zh,zh-CN,zh-cmn,zh-cmn-CN,zh-Hans,zh-Hans-CN,zh-cmn-Hans,zh-cmn-Hans-CN,cmn-CN,cmn-Hans,cmn-Hans-CN,zh-TW,zh-Hant-TW,cmn-TW,cmn-Hant-TW,zh-cmn-TW,zh-cmn-Hant-TW,zu,zu-ZA,hi,hi-IN,tl,tl-PH,pa,pa-IN\">\n<div id=\"tw-ob\" class=\"tw-src-ltr\">\n<div class=\"oSioSc\">\n<div id=\"tw-target\">\n<div id=\"kAz1tf\" class=\"g9WsWb PZPZlf\" data-attrid=\"tw-targetArea\" data-entityname=\"Google Translate\">\n<div id=\"tw-target-text-container\" class=\"tw-ta-container tw-nfl\" tabindex=\"0\" role=\"text\">\n<p id=\"tw-target-text\" class=\"tw-data-text tw-text-large tw-ta\" dir=\"ltr\" data-placeholder=\"Traducci\u00f3n\" data-ved=\"2ahUKEwjTiovFl86OAxWWVaQEHbaTEXQQ3ewLegQICRAV\" aria-label=\"Texto traducido: JUR\u00cdDICO El Registro \u00danico de Alquileres de Corta Duraci\u00f3n se ha hecho efectivo el 1 de julio de este a\u00f1o A partir del 1 de julio de 2025 es obligatorio registrar todas las propiedades dedicadas al alquiler de temporada (apartamentos tur\u00edsticos, habitaciones, alquileres de temporada y embarcaciones, entre otros) en el Registro \u00danico de Arrendamientos y obtener un n\u00famero de registro de arrendamiento. El Registro \u00danico de Alquileres de Corta Duraci\u00f3n es una iniciativa que busca regular y formalizar el mercado de alquileres temporales, promoviendo la transparencia y protecci\u00f3n tanto para propietarios como para inquilinos. En adelante, todos los propietarios que ofrezcan sus propiedades en plataformas de alquiler de corta duraci\u00f3n deben inscribirse en este registro, proporcionando informaci\u00f3n b\u00e1sica sobre sus propiedades y contratos. La inscripci\u00f3n es sencilla y puede realizarse online a trav\u00e9s de la plataforma oficial. Cumplir con esta normativa ayuda a evitar sanciones, facilita su fiscalizaci\u00f3n y contribuye a un mercado m\u00e1s justo y ordenado. M\u00e1s informaci\u00f3n\"><span class=\"Y2IQFc\" lang=\"es\">El Registro \u00danico de Alquileres de Corta Duraci\u00f3n es una iniciativa que <strong>busca regular y formalizar el mercado de alquileres temporales, promoviendo la transparencia y protecci\u00f3n tanto para propietarios como para inquilinos. En adelante, todos los propietarios que ofrezcan sus propiedades en plataformas de alquiler de corta duraci\u00f3n deben inscribirse en este registro,<\/strong> proporcionando informaci\u00f3n b\u00e1sica sobre sus propiedades y contratos. <\/span><\/p>\n<p class=\"tw-data-text tw-text-large tw-ta\" dir=\"ltr\" data-placeholder=\"Traducci\u00f3n\" data-ved=\"2ahUKEwjTiovFl86OAxWWVaQEHbaTEXQQ3ewLegQICRAV\" aria-label=\"Texto traducido: JUR\u00cdDICO El Registro \u00danico de Alquileres de Corta Duraci\u00f3n se ha hecho efectivo el 1 de julio de este a\u00f1o A partir del 1 de julio de 2025 es obligatorio registrar todas las propiedades dedicadas al alquiler de temporada (apartamentos tur\u00edsticos, habitaciones, alquileres de temporada y embarcaciones, entre otros) en el Registro \u00danico de Arrendamientos y obtener un n\u00famero de registro de arrendamiento. El Registro \u00danico de Alquileres de Corta Duraci\u00f3n es una iniciativa que busca regular y formalizar el mercado de alquileres temporales, promoviendo la transparencia y protecci\u00f3n tanto para propietarios como para inquilinos. En adelante, todos los propietarios que ofrezcan sus propiedades en plataformas de alquiler de corta duraci\u00f3n deben inscribirse en este registro, proporcionando informaci\u00f3n b\u00e1sica sobre sus propiedades y contratos. La inscripci\u00f3n es sencilla y puede realizarse online a trav\u00e9s de la plataforma oficial. Cumplir con esta normativa ayuda a evitar sanciones, facilita su fiscalizaci\u00f3n y contribuye a un mercado m\u00e1s justo y ordenado. M\u00e1s informaci\u00f3n\"><span class=\"Y2IQFc\" lang=\"es\" style=\"color: #000000;\">La inscripci\u00f3n es sencilla y puede realizarse online a trav\u00e9s de la plataforma oficial. Cumplir con esta normativa ayuda a evitar sanciones, facilita su fiscalizaci\u00f3n y contribuye a un mercado m\u00e1s justo y ordenado.<\/span><\/p>\n<p class=\"tw-data-text tw-text-large tw-ta\" dir=\"ltr\" data-placeholder=\"Traducci\u00f3n\" data-ved=\"2ahUKEwjTiovFl86OAxWWVaQEHbaTEXQQ3ewLegQICRAV\" aria-label=\"Texto traducido: JUR\u00cdDICO El Registro \u00danico de Alquileres de Corta Duraci\u00f3n se ha hecho efectivo el 1 de julio de este a\u00f1o A partir del 1 de julio de 2025 es obligatorio registrar todas las propiedades dedicadas al alquiler de temporada (apartamentos tur\u00edsticos, habitaciones, alquileres de temporada y embarcaciones, entre otros) en el Registro \u00danico de Arrendamientos y obtener un n\u00famero de registro de arrendamiento. El Registro \u00danico de Alquileres de Corta Duraci\u00f3n es una iniciativa que busca regular y formalizar el mercado de alquileres temporales, promoviendo la transparencia y protecci\u00f3n tanto para propietarios como para inquilinos. En adelante, todos los propietarios que ofrezcan sus propiedades en plataformas de alquiler de corta duraci\u00f3n deben inscribirse en este registro, proporcionando informaci\u00f3n b\u00e1sica sobre sus propiedades y contratos. La inscripci\u00f3n es sencilla y puede realizarse online a trav\u00e9s de la plataforma oficial. Cumplir con esta normativa ayuda a evitar sanciones, facilita su fiscalizaci\u00f3n y contribuye a un mercado m\u00e1s justo y ordenado. M\u00e1s informaci\u00f3n\"><span style=\"color: #3d5c91;\"><a style=\"color: #3d5c91;\" href=\"https:\/\/afisec.us22.list-manage.com\/track\/click?u=5cef21d2e7a16f6f936605104&amp;id=ccf1b4dfda&amp;e=f8fcc833e8\"><strong>M\u00e1s informaci\u00f3n<\/strong><\/a><\/span><\/p>\n<\/div>\n<div class=\"iYB33c\">\n<p id=\"tw-tmenu\" class=\"tw-menu\">\n<\/div>\n<\/div>\n<\/div>\n<\/div>\n<\/div>\n<div id=\"tw-images\"><\/div>\n<div class=\"dURPtb\"><\/div>\n<div>\n<div><\/div>\n<\/div>\n<\/div>\n<div class=\"KFFQ0c xKf9F\"><\/div>\n","protected":false},"excerpt":{"rendered":"<p>A partir del 1 de julio de 2025 es obligatorio registrar todas las propiedades dedicadas al alquiler de temporada (apartamentos tur\u00edsticos, habitaciones, alquileres de temporada y embarcaciones, entre otros) en el Registro \u00danico de Arrendamientos y obtener un n\u00famero de registro de arrendamiento. El Registro \u00danico de Alquileres de Corta Duraci\u00f3n es una iniciativa que &#8230;<\/p>\n","protected":false},"author":5,"featured_media":0,"comment_status":"closed","ping_status":"closed","sticky":false,"template":"","format":"standard","meta":{"_monsterinsights_skip_tracking":false,"_monsterinsights_sitenote_active":false,"_monsterinsights_sitenote_note":"","_monsterinsights_sitenote_category":0,"footnotes":""},"categories":[109],"tags":[1483,1484],"class_list":["post-10650","post","type-post","status-publish","format-standard","hentry","category-asesoria-juridica","tag-alquileres-de-corta-duracion","tag-registro-unico"],"_links":{"self":[{"href":"https:\/\/www.afisec.com\/es\/wp-json\/wp\/v2\/posts\/10650","targetHints":{"allow":["GET"]}}],"collection":[{"href":"https:\/\/www.afisec.com\/es\/wp-json\/wp\/v2\/posts"}],"about":[{"href":"https:\/\/www.afisec.com\/es\/wp-json\/wp\/v2\/types\/post"}],"author":[{"embeddable":true,"href":"https:\/\/www.afisec.com\/es\/wp-json\/wp\/v2\/users\/5"}],"replies":[{"embeddable":true,"href":"https:\/\/www.afisec.com\/es\/wp-json\/wp\/v2\/comments?post=10650"}],"version-history":[{"count":8,"href":"https:\/\/www.afisec.com\/es\/wp-json\/wp\/v2\/posts\/10650\/revisions"}],"predecessor-version":[{"id":10658,"href":"https:\/\/www.afisec.com\/es\/wp-json\/wp\/v2\/posts\/10650\/revisions\/10658"}],"wp:attachment":[{"href":"https:\/\/www.afisec.com\/es\/wp-json\/wp\/v2\/media?parent=10650"}],"wp:term":[{"taxonomy":"category","embeddable":true,"href":"https:\/\/www.afisec.com\/es\/wp-json\/wp\/v2\/categories?post=10650"},{"taxonomy":"post_tag","embeddable":true,"href":"https:\/\/www.afisec.com\/es\/wp-json\/wp\/v2\/tags?post=10650"}],"curies":[{"name":"wp","href":"https:\/\/api.w.org\/{rel}","templated":true}]}}