{"id":6418,"date":"2016-09-12T17:05:39","date_gmt":"2016-09-12T15:05:39","guid":{"rendered":"http:\/\/www.afisec.com\/es\/?p=6418"},"modified":"2016-10-04T13:37:11","modified_gmt":"2016-10-04T11:37:11","slug":"laboral-aprobado-el-plan-anual-de-politica-de-trabajo","status":"publish","type":"post","link":"https:\/\/www.afisec.com\/es\/laboral-aprobado-el-plan-anual-de-politica-de-trabajo\/","title":{"rendered":"LABORAL. Aprobado el Plan Anual de Pol\u00edtica de Trabajo"},"content":{"rendered":"<p>El Plan 2016 aprobado por el Consejo de Ministros el pasado 5 de agosto cuenta para este ejercicio con un presupuesto total de 5.265 millones de euros, aportados por el Estado.<\/p>\n<p>Los objetivos del Plan Anual de Pol\u00edtica de Trabajo para el 2016 son:<\/p>\n<p><strong>Mejorar\u00a0la empleabilidad\u00a0de los j\u00f3venes<\/strong> y desarrollar el Plan de Implementaci\u00f3n de la Garant\u00eda Juvenil en Espa\u00f1a.<\/p>\n<p><strong>Favorecer la empleabilidad\u00a0de otros colectivos especialmente afectados por el paro<\/strong>, en particular los\u00a0mayores de 45 a\u00f1os que\u00a0sean desempleados\u00a0de larga duraci\u00f3n.<\/p>\n<p><strong>Mejorar la calidad de la formaci\u00f3n profesional para el trabajo. <\/strong><\/p>\n<p><strong>Reforzar la vinculaci\u00f3n de las pol\u00edticas activas y pasivas de la ocupaci\u00f3n.<\/strong><\/p>\n<p><strong>Impulsar el\u00a0emprendimiento<\/strong> como parte inseparable de la activaci\u00f3n y recuperaci\u00f3n de la ocupaci\u00f3n.<\/p>\n","protected":false},"excerpt":{"rendered":"<p>El Plan 2016 aprobado por el Consejo de Ministros el pasado 5 de agosto cuenta para este ejercicio con un presupuesto total de 5.265 millones de euros, aportados por el Estado. Los objetivos del Plan Anual de Pol\u00edtica de Trabajo para el 2016 son: Mejorar\u00a0la empleabilidad\u00a0de los j\u00f3venes y desarrollar el Plan de Implementaci\u00f3n de &#8230;<\/p>\n","protected":false},"author":4,"featured_media":0,"comment_status":"open","ping_status":"closed","sticky":false,"template":"","format":"standard","meta":{"_monsterinsights_skip_tracking":false,"_monsterinsights_sitenote_active":false,"_monsterinsights_sitenote_note":"","_monsterinsights_sitenote_category":0,"footnotes":""},"categories":[107],"tags":[232,205],"class_list":["post-6418","post","type-post","status-publish","format-standard","hentry","category-asesoria-y-gestion-laboral","tag-plan","tag-trabajo"],"_links":{"self":[{"href":"https:\/\/www.afisec.com\/es\/wp-json\/wp\/v2\/posts\/6418","targetHints":{"allow":["GET"]}}],"collection":[{"href":"https:\/\/www.afisec.com\/es\/wp-json\/wp\/v2\/posts"}],"about":[{"href":"https:\/\/www.afisec.com\/es\/wp-json\/wp\/v2\/types\/post"}],"author":[{"embeddable":true,"href":"https:\/\/www.afisec.com\/es\/wp-json\/wp\/v2\/users\/4"}],"replies":[{"embeddable":true,"href":"https:\/\/www.afisec.com\/es\/wp-json\/wp\/v2\/comments?post=6418"}],"version-history":[{"count":2,"href":"https:\/\/www.afisec.com\/es\/wp-json\/wp\/v2\/posts\/6418\/revisions"}],"predecessor-version":[{"id":6439,"href":"https:\/\/www.afisec.com\/es\/wp-json\/wp\/v2\/posts\/6418\/revisions\/6439"}],"wp:attachment":[{"href":"https:\/\/www.afisec.com\/es\/wp-json\/wp\/v2\/media?parent=6418"}],"wp:term":[{"taxonomy":"category","embeddable":true,"href":"https:\/\/www.afisec.com\/es\/wp-json\/wp\/v2\/categories?post=6418"},{"taxonomy":"post_tag","embeddable":true,"href":"https:\/\/www.afisec.com\/es\/wp-json\/wp\/v2\/tags?post=6418"}],"curies":[{"name":"wp","href":"https:\/\/api.w.org\/{rel}","templated":true}]}}