{"id":6543,"date":"2017-01-18T09:43:12","date_gmt":"2017-01-18T08:43:12","guid":{"rendered":"http:\/\/www.afisec.com\/es\/?p=6543"},"modified":"2017-02-15T10:11:20","modified_gmt":"2017-02-15T09:11:20","slug":"el-smi-sube-un-8-este-2017","status":"publish","type":"post","link":"https:\/\/www.afisec.com\/es\/el-smi-sube-un-8-este-2017\/","title":{"rendered":"LABORAL. El Salario M\u00ednimo Interprofesional sube un 8%"},"content":{"rendered":"<p>&nbsp;<\/p>\n<h2>El Real Decreto 742\/2016, de 30 de diciembre, fija el nuevo Salario M\u00ednimo Interprofesional (SMI) para el 2017 que es de 23,59 euros \/ d\u00eda o 707,70 euros \/ mes y que supone un incremento del 8% sobre el salario de 2016.<\/h2>\n<p>Dado el car\u00e1cter excepcional del incremento del SMI para el 2017, las cuant\u00edas del mismo para 2016 seguir\u00e1n siendo aplicables durante el 2017 en los convenios colectivos vigentes a fecha 1 de enero de 2017. Siempre que utilicen el salario m\u00ednimo interprofesional como referencia para determinar la cuant\u00eda o el incremento del salario base o de complementos salariales, salvo que las partes legitimadas, acuerden la aplicaci\u00f3n de las nuevas cuant\u00edas del SMI.<\/p>\n<p>Tampoco se aplicar\u00e1n las nuevas cuant\u00edas del salario m\u00ednimo interprofesional a los contratos y pactos de naturaleza privada vigentes en la fecha de entrada en vigor del Real Decreto 742\/2016 que utilicen el SMI como referencia en cualquier efecto, salvo que las partes acuerden lo contrario.<\/p>\n<p>&nbsp;<\/p>\n<p><a href=\"http:\/\/afisec.us8.list-manage.com\/track\/click?u=3760b252ee17c832314216625&amp;id=fcb0831e84&amp;e=57e9b37e67\"><strong>M\u00e1s informaci\u00f3n<\/strong><\/a><\/p>\n","protected":false},"excerpt":{"rendered":"<p>&nbsp; El Real Decreto 742\/2016, de 30 de diciembre, fija el nuevo Salario M\u00ednimo Interprofesional (SMI) para el 2017 que es de 23,59 euros \/ d\u00eda o 707,70 euros \/ mes y que supone un incremento del 8% sobre el salario de 2016. Dado el car\u00e1cter excepcional del incremento del SMI para el 2017, las &#8230;<\/p>\n","protected":false},"author":4,"featured_media":0,"comment_status":"open","ping_status":"closed","sticky":false,"template":"","format":"standard","meta":{"_monsterinsights_skip_tracking":false,"_monsterinsights_sitenote_active":false,"_monsterinsights_sitenote_note":"","_monsterinsights_sitenote_category":0,"footnotes":""},"categories":[107],"tags":[296,295],"class_list":["post-6543","post","type-post","status-publish","format-standard","hentry","category-asesoria-y-gestion-laboral","tag-real-decreto","tag-smi"],"_links":{"self":[{"href":"https:\/\/www.afisec.com\/es\/wp-json\/wp\/v2\/posts\/6543","targetHints":{"allow":["GET"]}}],"collection":[{"href":"https:\/\/www.afisec.com\/es\/wp-json\/wp\/v2\/posts"}],"about":[{"href":"https:\/\/www.afisec.com\/es\/wp-json\/wp\/v2\/types\/post"}],"author":[{"embeddable":true,"href":"https:\/\/www.afisec.com\/es\/wp-json\/wp\/v2\/users\/4"}],"replies":[{"embeddable":true,"href":"https:\/\/www.afisec.com\/es\/wp-json\/wp\/v2\/comments?post=6543"}],"version-history":[{"count":6,"href":"https:\/\/www.afisec.com\/es\/wp-json\/wp\/v2\/posts\/6543\/revisions"}],"predecessor-version":[{"id":6630,"href":"https:\/\/www.afisec.com\/es\/wp-json\/wp\/v2\/posts\/6543\/revisions\/6630"}],"wp:attachment":[{"href":"https:\/\/www.afisec.com\/es\/wp-json\/wp\/v2\/media?parent=6543"}],"wp:term":[{"taxonomy":"category","embeddable":true,"href":"https:\/\/www.afisec.com\/es\/wp-json\/wp\/v2\/categories?post=6543"},{"taxonomy":"post_tag","embeddable":true,"href":"https:\/\/www.afisec.com\/es\/wp-json\/wp\/v2\/tags?post=6543"}],"curies":[{"name":"wp","href":"https:\/\/api.w.org\/{rel}","templated":true}]}}