{"id":6546,"date":"2017-01-18T09:46:32","date_gmt":"2017-01-18T08:46:32","guid":{"rendered":"http:\/\/www.afisec.com\/es\/?p=6546"},"modified":"2017-02-15T09:39:55","modified_gmt":"2017-02-15T08:39:55","slug":"nuevo-reglamento-europeo-de-proteccion-de-datos","status":"publish","type":"post","link":"https:\/\/www.afisec.com\/es\/nuevo-reglamento-europeo-de-proteccion-de-datos\/","title":{"rendered":"MERCANTIL. Nuevo reglamento europeo de protecci\u00f3n de datos"},"content":{"rendered":"<p>Dado el car\u00e1cter excepcional del incremento del Salario M\u00ednimo Interprofesional (SMI) para 2017, las cuant\u00edas del salario m\u00ednimo interprofesional para 2016 seguir\u00e1n siendo aplicable durante el 2017 a los convenios colectivos vigentes en fecha de 1 de Enero de 2017 que utilicen el salario m\u00ednimo interprofesional como referencia para determinar la cuant\u00eda o el incremento del salario base o de complementos salariales, salvo que las partes legitimadas acuerden la aplicaci\u00f3n de las nuevas cuant\u00edas del salario m\u00ednimo interprofesional.<\/p>\n<p>Tampoco se aplicar\u00e1n las nuevas cuant\u00edas del salario m\u00ednimo interprofesional a los contratos y pactos de naturaleza privada vigentes en la fecha de entrada en vigor del Real Decreto 742\/2016 que utilicen el salario m\u00ednimo interprofesional como referencia a cualquier efecto, salvo que las partes acuerden lo contrario.<\/p>\n<p>&nbsp;<\/p>\n","protected":false},"excerpt":{"rendered":"<p>Dado el car\u00e1cter excepcional del incremento del Salario M\u00ednimo Interprofesional (SMI) para 2017, las cuant\u00edas del salario m\u00ednimo interprofesional para 2016 seguir\u00e1n siendo aplicable durante el 2017 a los convenios colectivos vigentes en fecha de 1 de Enero de 2017 que utilicen el salario m\u00ednimo interprofesional como referencia para determinar la cuant\u00eda o el incremento &#8230;<\/p>\n","protected":false},"author":4,"featured_media":0,"comment_status":"open","ping_status":"closed","sticky":false,"template":"","format":"standard","meta":{"_monsterinsights_skip_tracking":false,"_monsterinsights_sitenote_active":false,"_monsterinsights_sitenote_note":"","_monsterinsights_sitenote_category":0,"footnotes":""},"categories":[108],"tags":[296,295],"class_list":["post-6546","post","type-post","status-publish","format-standard","hentry","category-asesoria-y-gestion-mercantil","tag-real-decreto","tag-smi"],"_links":{"self":[{"href":"https:\/\/www.afisec.com\/es\/wp-json\/wp\/v2\/posts\/6546","targetHints":{"allow":["GET"]}}],"collection":[{"href":"https:\/\/www.afisec.com\/es\/wp-json\/wp\/v2\/posts"}],"about":[{"href":"https:\/\/www.afisec.com\/es\/wp-json\/wp\/v2\/types\/post"}],"author":[{"embeddable":true,"href":"https:\/\/www.afisec.com\/es\/wp-json\/wp\/v2\/users\/4"}],"replies":[{"embeddable":true,"href":"https:\/\/www.afisec.com\/es\/wp-json\/wp\/v2\/comments?post=6546"}],"version-history":[{"count":7,"href":"https:\/\/www.afisec.com\/es\/wp-json\/wp\/v2\/posts\/6546\/revisions"}],"predecessor-version":[{"id":6612,"href":"https:\/\/www.afisec.com\/es\/wp-json\/wp\/v2\/posts\/6546\/revisions\/6612"}],"wp:attachment":[{"href":"https:\/\/www.afisec.com\/es\/wp-json\/wp\/v2\/media?parent=6546"}],"wp:term":[{"taxonomy":"category","embeddable":true,"href":"https:\/\/www.afisec.com\/es\/wp-json\/wp\/v2\/categories?post=6546"},{"taxonomy":"post_tag","embeddable":true,"href":"https:\/\/www.afisec.com\/es\/wp-json\/wp\/v2\/tags?post=6546"}],"curies":[{"name":"wp","href":"https:\/\/api.w.org\/{rel}","templated":true}]}}