{"id":6777,"date":"2017-06-09T12:20:14","date_gmt":"2017-06-09T10:20:14","guid":{"rendered":"http:\/\/www.afisec.com\/es\/?p=6777"},"modified":"2017-06-15T16:05:54","modified_gmt":"2017-06-15T14:05:54","slug":"fiscal-aprobado-el-real-decreto-por-el-que-se-modifica-el-reglamento-del-iva","status":"publish","type":"post","link":"https:\/\/www.afisec.com\/es\/fiscal-aprobado-el-real-decreto-por-el-que-se-modifica-el-reglamento-del-iva\/","title":{"rendered":"FISCAL. Aprobado el Real Decreto por el que se modifica el Reglamento del IVA"},"content":{"rendered":"<h2>E<span lang=\"es\">l Consejo de Ministros aprob\u00f3 el pasado viernes un Real Decreto por el que se modifica el Reglamento del IVA con el objetivo de facilitar la adaptaci\u00f3n de los sujetos pasivos al nuevo sistema de Suministro Inmediato de Informaci\u00f3n (SII).<\/span><\/h2>\n<h2><\/h2>\n<p><span lang=\"es\">Por un lado, <strong>se establece un plazo extraordinario<\/strong> para solicitar la baja en el Registro de Devoluci\u00f3n Mensual del IVA (REDEME) y para presentar la renuncia al r\u00e9gimen especial del grupo de entidades del IVA, <strong>hasta el 15 de Junio de 2017, y que tendr\u00e1 efectos desde el 1 de Julio de 2017.<\/strong><\/span><\/p>\n<p><span lang=\"es\"> Por otra parte, los contribuyentes <strong>acogidos al r\u00e9gimen simplificado no podr\u00e1n optar durante este 2017<\/strong>\u00a0 a la aplicaci\u00f3n del nuevo sistema de llevar los libros de registro, <strong>aunque podr\u00e1n hacerlo a partir del 2018.<\/strong><\/span><\/p>\n","protected":false},"excerpt":{"rendered":"<p>El Consejo de Ministros aprob\u00f3 el pasado viernes un Real Decreto por el que se modifica el Reglamento del IVA con el objetivo de facilitar la adaptaci\u00f3n de los sujetos pasivos al nuevo sistema de Suministro Inmediato de Informaci\u00f3n (SII). Por un lado, se establece un plazo extraordinario para solicitar la baja en el Registro &#8230;<\/p>\n","protected":false},"author":4,"featured_media":0,"comment_status":"open","ping_status":"closed","sticky":false,"template":"","format":"standard","meta":{"_monsterinsights_skip_tracking":false,"_monsterinsights_sitenote_active":false,"_monsterinsights_sitenote_note":"","_monsterinsights_sitenote_category":0,"footnotes":""},"categories":[106],"tags":[143,353,348],"class_list":["post-6777","post","type-post","status-publish","format-standard","hentry","category-asesoria-y-gestion-fiscal","tag-iva","tag-plazo","tag-redeme"],"_links":{"self":[{"href":"https:\/\/www.afisec.com\/es\/wp-json\/wp\/v2\/posts\/6777","targetHints":{"allow":["GET"]}}],"collection":[{"href":"https:\/\/www.afisec.com\/es\/wp-json\/wp\/v2\/posts"}],"about":[{"href":"https:\/\/www.afisec.com\/es\/wp-json\/wp\/v2\/types\/post"}],"author":[{"embeddable":true,"href":"https:\/\/www.afisec.com\/es\/wp-json\/wp\/v2\/users\/4"}],"replies":[{"embeddable":true,"href":"https:\/\/www.afisec.com\/es\/wp-json\/wp\/v2\/comments?post=6777"}],"version-history":[{"count":2,"href":"https:\/\/www.afisec.com\/es\/wp-json\/wp\/v2\/posts\/6777\/revisions"}],"predecessor-version":[{"id":6786,"href":"https:\/\/www.afisec.com\/es\/wp-json\/wp\/v2\/posts\/6777\/revisions\/6786"}],"wp:attachment":[{"href":"https:\/\/www.afisec.com\/es\/wp-json\/wp\/v2\/media?parent=6777"}],"wp:term":[{"taxonomy":"category","embeddable":true,"href":"https:\/\/www.afisec.com\/es\/wp-json\/wp\/v2\/categories?post=6777"},{"taxonomy":"post_tag","embeddable":true,"href":"https:\/\/www.afisec.com\/es\/wp-json\/wp\/v2\/tags?post=6777"}],"curies":[{"name":"wp","href":"https:\/\/api.w.org\/{rel}","templated":true}]}}