{"id":6826,"date":"2017-09-12T11:36:18","date_gmt":"2017-09-12T09:36:18","guid":{"rendered":"http:\/\/www.afisec.com\/es\/?p=6826"},"modified":"2017-10-09T08:49:35","modified_gmt":"2017-10-09T06:49:35","slug":"laboral-el-gobierno-refuerza-la-lucha-contra-el-fraude-en-la-materia-laboral-de-seguridad-social","status":"publish","type":"post","link":"https:\/\/www.afisec.com\/es\/laboral-el-gobierno-refuerza-la-lucha-contra-el-fraude-en-la-materia-laboral-de-seguridad-social\/","title":{"rendered":"LABORAL. El gobierno refuerza la lucha contra el fraude en la materia laboral de Seguridad Social"},"content":{"rendered":"<p><strong>Con la entrada en vigor del Real Decreto-Ley 13\/2017 de 7 de julio, se aprueba una oferta de empleo p\u00fablico extraordinaria y adicional para apoyar, entre otros, la lucha contra el fraude a la Seguridad Social.<\/strong><\/p>\n<p>Con esta nueva medida el Gobierno pretende<strong> combatir el trabajo no declarado y en situaci\u00f3n irregular y el fraude a la Seguridad Social.<\/strong> Estos problemas afectan de lleno a la competitividad de las empresas que cumplen con las normas reguladoras establecidas.<br \/>\nSeg\u00fan la ministra de Trabajo y Seguridad Social, F\u00e1tima B\u00e1\u00f1ez, con el <strong>Plan de Lucha Contra el Fraude Laboral se ha conseguido aflorar desde 2012, 430.773 puestos de trabajo.<\/strong><\/p>\n","protected":false},"excerpt":{"rendered":"<p>Con la entrada en vigor del Real Decreto-Ley 13\/2017 de 7 de julio, se aprueba una oferta de empleo p\u00fablico extraordinaria y adicional para apoyar, entre otros, la lucha contra el fraude a la Seguridad Social. Con esta nueva medida el Gobierno pretende combatir el trabajo no declarado y en situaci\u00f3n irregular y el fraude &#8230;<\/p>\n","protected":false},"author":4,"featured_media":0,"comment_status":"open","ping_status":"closed","sticky":false,"template":"","format":"standard","meta":{"_monsterinsights_skip_tracking":false,"_monsterinsights_sitenote_active":false,"_monsterinsights_sitenote_note":"","_monsterinsights_sitenote_category":0,"footnotes":""},"categories":[107],"tags":[130,205],"class_list":["post-6826","post","type-post","status-publish","format-standard","hentry","category-asesoria-y-gestion-laboral","tag-laboral","tag-trabajo"],"_links":{"self":[{"href":"https:\/\/www.afisec.com\/es\/wp-json\/wp\/v2\/posts\/6826","targetHints":{"allow":["GET"]}}],"collection":[{"href":"https:\/\/www.afisec.com\/es\/wp-json\/wp\/v2\/posts"}],"about":[{"href":"https:\/\/www.afisec.com\/es\/wp-json\/wp\/v2\/types\/post"}],"author":[{"embeddable":true,"href":"https:\/\/www.afisec.com\/es\/wp-json\/wp\/v2\/users\/4"}],"replies":[{"embeddable":true,"href":"https:\/\/www.afisec.com\/es\/wp-json\/wp\/v2\/comments?post=6826"}],"version-history":[{"count":2,"href":"https:\/\/www.afisec.com\/es\/wp-json\/wp\/v2\/posts\/6826\/revisions"}],"predecessor-version":[{"id":6837,"href":"https:\/\/www.afisec.com\/es\/wp-json\/wp\/v2\/posts\/6826\/revisions\/6837"}],"wp:attachment":[{"href":"https:\/\/www.afisec.com\/es\/wp-json\/wp\/v2\/media?parent=6826"}],"wp:term":[{"taxonomy":"category","embeddable":true,"href":"https:\/\/www.afisec.com\/es\/wp-json\/wp\/v2\/categories?post=6826"},{"taxonomy":"post_tag","embeddable":true,"href":"https:\/\/www.afisec.com\/es\/wp-json\/wp\/v2\/tags?post=6826"}],"curies":[{"name":"wp","href":"https:\/\/api.w.org\/{rel}","templated":true}]}}