{"id":6851,"date":"2017-10-10T17:13:29","date_gmt":"2017-10-10T15:13:29","guid":{"rendered":"http:\/\/www.afisec.com\/es\/?p=6851"},"modified":"2017-10-25T17:18:12","modified_gmt":"2017-10-25T15:18:12","slug":"mercantil-el-gobierno-aprueba-el-decreto-expres-para-agilizar-la-salida-de-las-empresas-de-cataluna","status":"publish","type":"post","link":"https:\/\/www.afisec.com\/es\/mercantil-el-gobierno-aprueba-el-decreto-expres-para-agilizar-la-salida-de-las-empresas-de-cataluna\/","title":{"rendered":"MERCANTIL. El Gobierno aprueba el decreto expr\u00e9s para agilizar la salida de las empresas de Catalu\u00f1a."},"content":{"rendered":"<p><span lang=\"es\"><strong>El Consejo de Ministros ha aprobado un Real Decreto Ley de medidas urgentes para facilitar que las empresas puedan cambiar su sede social de manera inmediata s\u00f3lo con la aprobaci\u00f3n por parte del consejo de administraci\u00f3n.<\/strong><\/span><\/p>\n<p><span lang=\"es\"><span lang=\"es\">La norma aclara <strong>cu\u00e1les son<\/strong>, por parte de las sociedades que as\u00ed lo decidan,<strong> los \u00f3rganos competentes para aprobar el cambio de sede social.<\/strong> El decreto facilita los tr\u00e1mites de manera que s\u00f3lo si hay una <strong>declaraci\u00f3n expresa en contra por parte de los Estatutos de la sociedad, ser\u00e1 el Consejo de Administraci\u00f3n el competente para aprobarlo.<\/strong><\/span><\/span><\/p>\n","protected":false},"excerpt":{"rendered":"<p>El Consejo de Ministros ha aprobado un Real Decreto Ley de medidas urgentes para facilitar que las empresas puedan cambiar su sede social de manera inmediata s\u00f3lo con la aprobaci\u00f3n por parte del consejo de administraci\u00f3n. La norma aclara cu\u00e1les son, por parte de las sociedades que as\u00ed lo decidan, los \u00f3rganos competentes para aprobar &#8230;<\/p>\n","protected":false},"author":4,"featured_media":0,"comment_status":"open","ping_status":"closed","sticky":false,"template":"","format":"standard","meta":{"_monsterinsights_skip_tracking":false,"_monsterinsights_sitenote_active":false,"_monsterinsights_sitenote_note":"","_monsterinsights_sitenote_category":0,"footnotes":""},"categories":[108],"tags":[379,378],"class_list":["post-6851","post","type-post","status-publish","format-standard","hentry","category-asesoria-y-gestion-mercantil","tag-decreto","tag-sede-social"],"_links":{"self":[{"href":"https:\/\/www.afisec.com\/es\/wp-json\/wp\/v2\/posts\/6851","targetHints":{"allow":["GET"]}}],"collection":[{"href":"https:\/\/www.afisec.com\/es\/wp-json\/wp\/v2\/posts"}],"about":[{"href":"https:\/\/www.afisec.com\/es\/wp-json\/wp\/v2\/types\/post"}],"author":[{"embeddable":true,"href":"https:\/\/www.afisec.com\/es\/wp-json\/wp\/v2\/users\/4"}],"replies":[{"embeddable":true,"href":"https:\/\/www.afisec.com\/es\/wp-json\/wp\/v2\/comments?post=6851"}],"version-history":[{"count":1,"href":"https:\/\/www.afisec.com\/es\/wp-json\/wp\/v2\/posts\/6851\/revisions"}],"predecessor-version":[{"id":6852,"href":"https:\/\/www.afisec.com\/es\/wp-json\/wp\/v2\/posts\/6851\/revisions\/6852"}],"wp:attachment":[{"href":"https:\/\/www.afisec.com\/es\/wp-json\/wp\/v2\/media?parent=6851"}],"wp:term":[{"taxonomy":"category","embeddable":true,"href":"https:\/\/www.afisec.com\/es\/wp-json\/wp\/v2\/categories?post=6851"},{"taxonomy":"post_tag","embeddable":true,"href":"https:\/\/www.afisec.com\/es\/wp-json\/wp\/v2\/tags?post=6851"}],"curies":[{"name":"wp","href":"https:\/\/api.w.org\/{rel}","templated":true}]}}