{"id":6989,"date":"2018-02-07T10:53:10","date_gmt":"2018-02-07T09:53:10","guid":{"rendered":"http:\/\/www.afisec.com\/es\/?p=6989"},"modified":"2018-02-21T11:37:13","modified_gmt":"2018-02-21T10:37:13","slug":"cambios-en-los-plazos-de-presentacion-de-altas-y-bajas-de-autonomos","status":"publish","type":"post","link":"https:\/\/www.afisec.com\/es\/cambios-en-los-plazos-de-presentacion-de-altas-y-bajas-de-autonomos\/","title":{"rendered":"Cambios en los plazos de presentaci\u00f3n de altas y bajas de aut\u00f3nomos"},"content":{"rendered":"<p><strong>Con la puesta en marcha de la nueva Ley de Aut\u00f3nomos, la Tesorer\u00eda General de la Seguridad Social ha modificado los plazos de presentaci\u00f3n de las altas y las bajas de los trabajadores aut\u00f3nomos, dejando muy poco margen para hacerlo.<\/strong><\/p>\n<p>De acuerdo con los nuevos criterios de la administraci\u00f3n, <strong>la afiliaci\u00f3n y el alta<\/strong> deber\u00e1n ser comunicados por los interesados \u200b\u200ben los mismos plazos que los establecidos en el r\u00e9gimen general, es decir, que en lugar de poder hacerse en los 30 d\u00edas siguientes al inicio de la actividad, <strong>se deben llevar a cabo con anterioridad a este inicio.<\/strong><\/p>\n<p>Hasta el 31 de Diciembre de 2017, el c\u00f3mputo y pago de la cotizaci\u00f3n correspond\u00eda al mes completo, mientras que ahora la<strong> afiliaci\u00f3n (y hasta tres altas dentro de cada a\u00f1o natural) tendr\u00e1n efectos desde el d\u00eda exacto de la alta fiscal<\/strong>, siempre que se hayan solicitado en los t\u00e9rminos reglamentarios.<\/p>\n<p>Del mismo modo, en caso de que se soliciten hasta <strong>tres bajas en un mismo a\u00f1o natural, \u00e9stas tendr\u00e1n efectos desde el d\u00eda en que el trabajador aut\u00f3nomo haya cesado en la actividad<\/strong> (siempre que se comunique en un plazo m\u00e1ximo de tres d\u00edas posteriores a la fecha de la baja fiscal). Mientras que el resto de las <strong>altas (y dadas fuera de plazo) tendr\u00e1n efectos desde el primer d\u00eda del mes en el que se inicie la actividad<\/strong>, independientemente de la fecha y, en el caso de las bajas, el \u00faltimo d\u00eda del mes en que se produzca el cese.<img decoding=\"async\" class=\"custom_media_image aligncenter\" src=\"http:\/\/www.afisec.com\/wp-content\/uploads\/clip_image002.jpg\" alt=\"\" \/><\/p>\n","protected":false},"excerpt":{"rendered":"<p>Con la puesta en marcha de la nueva Ley de Aut\u00f3nomos, la Tesorer\u00eda General de la Seguridad Social ha modificado los plazos de presentaci\u00f3n de las altas y las bajas de los trabajadores aut\u00f3nomos, dejando muy poco margen para hacerlo. De acuerdo con los nuevos criterios de la administraci\u00f3n, la afiliaci\u00f3n y el alta deber\u00e1n &#8230;<\/p>\n","protected":false},"author":4,"featured_media":0,"comment_status":"open","ping_status":"closed","sticky":false,"template":"","format":"standard","meta":{"_monsterinsights_skip_tracking":false,"_monsterinsights_sitenote_active":false,"_monsterinsights_sitenote_note":"","_monsterinsights_sitenote_category":0,"footnotes":""},"categories":[107],"tags":[415,416],"class_list":["post-6989","post","type-post","status-publish","format-standard","hentry","category-asesoria-y-gestion-laboral","tag-afiliacion","tag-lei-de-autonomos"],"_links":{"self":[{"href":"https:\/\/www.afisec.com\/es\/wp-json\/wp\/v2\/posts\/6989","targetHints":{"allow":["GET"]}}],"collection":[{"href":"https:\/\/www.afisec.com\/es\/wp-json\/wp\/v2\/posts"}],"about":[{"href":"https:\/\/www.afisec.com\/es\/wp-json\/wp\/v2\/types\/post"}],"author":[{"embeddable":true,"href":"https:\/\/www.afisec.com\/es\/wp-json\/wp\/v2\/users\/4"}],"replies":[{"embeddable":true,"href":"https:\/\/www.afisec.com\/es\/wp-json\/wp\/v2\/comments?post=6989"}],"version-history":[{"count":4,"href":"https:\/\/www.afisec.com\/es\/wp-json\/wp\/v2\/posts\/6989\/revisions"}],"predecessor-version":[{"id":7050,"href":"https:\/\/www.afisec.com\/es\/wp-json\/wp\/v2\/posts\/6989\/revisions\/7050"}],"wp:attachment":[{"href":"https:\/\/www.afisec.com\/es\/wp-json\/wp\/v2\/media?parent=6989"}],"wp:term":[{"taxonomy":"category","embeddable":true,"href":"https:\/\/www.afisec.com\/es\/wp-json\/wp\/v2\/categories?post=6989"},{"taxonomy":"post_tag","embeddable":true,"href":"https:\/\/www.afisec.com\/es\/wp-json\/wp\/v2\/tags?post=6989"}],"curies":[{"name":"wp","href":"https:\/\/api.w.org\/{rel}","templated":true}]}}