{"id":7148,"date":"2018-06-04T11:56:52","date_gmt":"2018-06-04T09:56:52","guid":{"rendered":"http:\/\/www.afisec.com\/es\/?p=7148"},"modified":"2018-06-15T13:44:55","modified_gmt":"2018-06-15T11:44:55","slug":"contable-novedades-en-la-presentacion-de-las-cuentas-anuales-de-2017","status":"publish","type":"post","link":"https:\/\/www.afisec.com\/es\/contable-novedades-en-la-presentacion-de-las-cuentas-anuales-de-2017\/","title":{"rendered":"Contable. Novedades en la presentaci\u00f3n de las cuentas anuales de 2017"},"content":{"rendered":"<p><strong><span lang=\"es\">El 21 de Marzo de este a\u00f1o se han aprobado los nuevos modelos para la presentaci\u00f3n en el Registro Mercantil de las cuentas anuales de los sujetos que est\u00e1n obligados a publicarlos.<\/span><\/strong><\/p>\n<p><span lang=\"es\">Las cuentas anuales de este a\u00f1o no presentan cambios en comparaci\u00f3n con los del ejercicio anterior donde recordemos que el objetivo principal fue simplificar las obligaciones contables para las peque\u00f1as y medianas empresas. En cambio existen cambios en la documentaci\u00f3n que se debe aportar en el Registro Mercantil. <\/span><\/p>\n<p><span lang=\"es\">La gran novedad en la presentaci\u00f3n de las cuentas anuales del 2017 es<strong> la nueva declaraci\u00f3n de identificaci\u00f3n del titular real (personas f\u00edsicas con un porcentaje de participaci\u00f3n superior al 25% del capital)<\/strong>. Se deber\u00e1n incluir los datos identificativos de estas personas y, si no existe ninguna, identificar\u00e1n a los administradores o responsables de la sociedad. <\/span><\/p>\n<p><span lang=\"es\"><strong>Todas las personas jur\u00eddicas domiciliadas en Espa\u00f1a que depositen las cuentas anuales<\/strong> est\u00e1n obligadas a identificar el titular real.<\/span><\/p>\n","protected":false},"excerpt":{"rendered":"<p>El 21 de Marzo de este a\u00f1o se han aprobado los nuevos modelos para la presentaci\u00f3n en el Registro Mercantil de las cuentas anuales de los sujetos que est\u00e1n obligados a publicarlos. Las cuentas anuales de este a\u00f1o no presentan cambios en comparaci\u00f3n con los del ejercicio anterior donde recordemos que el objetivo principal fue &#8230;<\/p>\n","protected":false},"author":4,"featured_media":0,"comment_status":"open","ping_status":"closed","sticky":false,"template":"","format":"standard","meta":{"_monsterinsights_skip_tracking":false,"_monsterinsights_sitenote_active":false,"_monsterinsights_sitenote_note":"","_monsterinsights_sitenote_category":0,"footnotes":""},"categories":[105],"tags":[460,459],"class_list":["post-7148","post","type-post","status-publish","format-standard","hentry","category-asesoria-contable-y-administrativa","tag-cuentas-anuales","tag-registro-mercantil"],"_links":{"self":[{"href":"https:\/\/www.afisec.com\/es\/wp-json\/wp\/v2\/posts\/7148","targetHints":{"allow":["GET"]}}],"collection":[{"href":"https:\/\/www.afisec.com\/es\/wp-json\/wp\/v2\/posts"}],"about":[{"href":"https:\/\/www.afisec.com\/es\/wp-json\/wp\/v2\/types\/post"}],"author":[{"embeddable":true,"href":"https:\/\/www.afisec.com\/es\/wp-json\/wp\/v2\/users\/4"}],"replies":[{"embeddable":true,"href":"https:\/\/www.afisec.com\/es\/wp-json\/wp\/v2\/comments?post=7148"}],"version-history":[{"count":5,"href":"https:\/\/www.afisec.com\/es\/wp-json\/wp\/v2\/posts\/7148\/revisions"}],"predecessor-version":[{"id":7157,"href":"https:\/\/www.afisec.com\/es\/wp-json\/wp\/v2\/posts\/7148\/revisions\/7157"}],"wp:attachment":[{"href":"https:\/\/www.afisec.com\/es\/wp-json\/wp\/v2\/media?parent=7148"}],"wp:term":[{"taxonomy":"category","embeddable":true,"href":"https:\/\/www.afisec.com\/es\/wp-json\/wp\/v2\/categories?post=7148"},{"taxonomy":"post_tag","embeddable":true,"href":"https:\/\/www.afisec.com\/es\/wp-json\/wp\/v2\/tags?post=7148"}],"curies":[{"name":"wp","href":"https:\/\/api.w.org\/{rel}","templated":true}]}}