{"id":7260,"date":"2018-11-08T16:34:59","date_gmt":"2018-11-08T15:34:59","guid":{"rendered":"http:\/\/www.afisec.com\/es\/?p=7260"},"modified":"2018-11-21T13:32:22","modified_gmt":"2018-11-21T12:32:22","slug":"afisec-formacion-para-estudiantes-de-comunicacion","status":"publish","type":"post","link":"https:\/\/www.afisec.com\/es\/afisec-formacion-para-estudiantes-de-comunicacion\/","title":{"rendered":"AFISEC. Formaci\u00f3n para estudiantes de comunicaci\u00f3n"},"content":{"rendered":"<h5><img loading=\"lazy\" decoding=\"async\" class=\"size-full wp-image-7233 alignleft\" src=\"http:\/\/www.afisec.com\/wp-content\/uploads\/FOTO-AFISEC.jpg\" alt=\"\" width=\"200\" height=\"270\" \/><span lang=\"es\"><strong>AFISEC asesora en el \u00e1mbito fiscal y laboral al Colegio de Periodistas de Catalu\u00f1a. Fruto de esta colaboraci\u00f3n el Departamento Fiscal y Laboral de AFISEC imparte regularmente una charla a los estudiantes de Comunicaci\u00f3n de la Universidad Aut\u00f3noma de Barcelona (UAB).<\/strong> \u00a0 <\/span><\/h5>\n<p><span lang=\"es\">Esta iniciativa pretende orientar a los futuros periodistas sobre los conceptos b\u00e1sicos y posibilidades m\u00e1s id\u00f3neas para entrar en el mundo laboral como aut\u00f3nomos. <\/span><\/p>\n<p><span lang=\"es\">Los alumnos y la Universidad valoran muy positivamente estas sesiones que se programan cada a\u00f1o.<\/span><\/p>\n","protected":false},"excerpt":{"rendered":"<p>AFISEC asesora en el \u00e1mbito fiscal y laboral al Colegio de Periodistas de Catalu\u00f1a. Fruto de esta colaboraci\u00f3n el Departamento Fiscal y Laboral de AFISEC imparte regularmente una charla a los estudiantes de Comunicaci\u00f3n de la Universidad Aut\u00f3noma de Barcelona (UAB). \u00a0 Esta iniciativa pretende orientar a los futuros periodistas sobre los conceptos b\u00e1sicos y &#8230;<\/p>\n","protected":false},"author":4,"featured_media":0,"comment_status":"open","ping_status":"closed","sticky":false,"template":"","format":"standard","meta":{"_monsterinsights_skip_tracking":false,"_monsterinsights_sitenote_active":false,"_monsterinsights_sitenote_note":"","_monsterinsights_sitenote_category":0,"footnotes":""},"categories":[45],"tags":[],"class_list":["post-7260","post","type-post","status-publish","format-standard","hentry","category-sin-categoria-es"],"_links":{"self":[{"href":"https:\/\/www.afisec.com\/es\/wp-json\/wp\/v2\/posts\/7260","targetHints":{"allow":["GET"]}}],"collection":[{"href":"https:\/\/www.afisec.com\/es\/wp-json\/wp\/v2\/posts"}],"about":[{"href":"https:\/\/www.afisec.com\/es\/wp-json\/wp\/v2\/types\/post"}],"author":[{"embeddable":true,"href":"https:\/\/www.afisec.com\/es\/wp-json\/wp\/v2\/users\/4"}],"replies":[{"embeddable":true,"href":"https:\/\/www.afisec.com\/es\/wp-json\/wp\/v2\/comments?post=7260"}],"version-history":[{"count":4,"href":"https:\/\/www.afisec.com\/es\/wp-json\/wp\/v2\/posts\/7260\/revisions"}],"predecessor-version":[{"id":7304,"href":"https:\/\/www.afisec.com\/es\/wp-json\/wp\/v2\/posts\/7260\/revisions\/7304"}],"wp:attachment":[{"href":"https:\/\/www.afisec.com\/es\/wp-json\/wp\/v2\/media?parent=7260"}],"wp:term":[{"taxonomy":"category","embeddable":true,"href":"https:\/\/www.afisec.com\/es\/wp-json\/wp\/v2\/categories?post=7260"},{"taxonomy":"post_tag","embeddable":true,"href":"https:\/\/www.afisec.com\/es\/wp-json\/wp\/v2\/tags?post=7260"}],"curies":[{"name":"wp","href":"https:\/\/api.w.org\/{rel}","templated":true}]}}