{"id":7390,"date":"2019-01-08T13:29:26","date_gmt":"2019-01-08T12:29:26","guid":{"rendered":"http:\/\/www.afisec.com\/es\/?p=7390"},"modified":"2019-02-08T13:40:37","modified_gmt":"2019-02-08T12:40:37","slug":"juridico-medidas-urgentes-en-materia-de-vivienda-y-alquiler","status":"publish","type":"post","link":"https:\/\/www.afisec.com\/es\/juridico-medidas-urgentes-en-materia-de-vivienda-y-alquiler\/","title":{"rendered":"Jur\u00eddico. Medidas urgentes en materia de vivienda y alquiler"},"content":{"rendered":"<h4><span lang=\"es\" tabindex=\"0\"><img loading=\"lazy\" decoding=\"async\" class=\"alignnone size-full wp-image-7376\" src=\"http:\/\/www.afisec.com\/wp-content\/uploads\/FOTO-JURIDIC-1.jpg\" alt=\"\" width=\"200\" height=\"270\" \/><\/span><\/h4>\n<h4><strong><span lang=\"es\" tabindex=\"0\">El 18 de Diciembre de 2018, se ha publicado en el BOE el Real Decreto Ley 21\/2018, de 14 de Diciembre, de medidas urgentes en materia de vivienda y alquiler. Este Real Decreto Ley no tiene efectos retroactivos, por lo que no resulta de aplicaci\u00f3n a los contratos de arrendamiento firmados con anterioridad a su entrada en vigor, el d\u00eda 15 de diciembre.<\/span><\/strong><\/h4>\n<p><span lang=\"es\" tabindex=\"0\">Entre otras <strong>se alargan de 3 a 5 a\u00f1os los plazos de pr\u00f3rroga obligatoria de los contratos de arrendamiento de vivienda, y hasta 7 si el arrendador es persona jur\u00eddica.<\/strong> Tambi\u00e9n se ampl\u00eda el tiempo de pr\u00f3rroga si, cumplidos los 5 o 7 a\u00f1os, no existe comunicaci\u00f3n de no renovarlo, pasando de 1 a 3 a\u00f1os. Asimismo, se limita la garant\u00eda adicional.<\/span><\/p>\n<p><span lang=\"es\" tabindex=\"0\"> En segundo lugar,<strong> se incrementa el importe del Fondo de Reserva de las comunidades de propietarios,<\/strong> estableciendo la posibilidad de que estos recursos se destinen a <strong>la realizaci\u00f3n de obras obligatorias de accesibilidad.<\/strong> <\/span><\/p>\n<p><span lang=\"es\" tabindex=\"0\">En tercer lugar, se introducen <strong>cambios en el procedimiento de desahucio cuando afecte hogares<\/strong> <strong>m\u00e1s vulnerables.<\/strong><\/span><\/p>\n","protected":false},"excerpt":{"rendered":"<p>El 18 de Diciembre de 2018, se ha publicado en el BOE el Real Decreto Ley 21\/2018, de 14 de Diciembre, de medidas urgentes en materia de vivienda y alquiler. Este Real Decreto Ley no tiene efectos retroactivos, por lo que no resulta de aplicaci\u00f3n a los contratos de arrendamiento firmados con anterioridad a su &#8230;<\/p>\n","protected":false},"author":4,"featured_media":0,"comment_status":"open","ping_status":"closed","sticky":false,"template":"","format":"standard","meta":{"_monsterinsights_skip_tracking":false,"_monsterinsights_sitenote_active":false,"_monsterinsights_sitenote_note":"","_monsterinsights_sitenote_category":0,"footnotes":""},"categories":[109],"tags":[458,439],"class_list":["post-7390","post","type-post","status-publish","format-standard","hentry","category-asesoria-juridica","tag-alquiler","tag-vivienda"],"_links":{"self":[{"href":"https:\/\/www.afisec.com\/es\/wp-json\/wp\/v2\/posts\/7390","targetHints":{"allow":["GET"]}}],"collection":[{"href":"https:\/\/www.afisec.com\/es\/wp-json\/wp\/v2\/posts"}],"about":[{"href":"https:\/\/www.afisec.com\/es\/wp-json\/wp\/v2\/types\/post"}],"author":[{"embeddable":true,"href":"https:\/\/www.afisec.com\/es\/wp-json\/wp\/v2\/users\/4"}],"replies":[{"embeddable":true,"href":"https:\/\/www.afisec.com\/es\/wp-json\/wp\/v2\/comments?post=7390"}],"version-history":[{"count":2,"href":"https:\/\/www.afisec.com\/es\/wp-json\/wp\/v2\/posts\/7390\/revisions"}],"predecessor-version":[{"id":7392,"href":"https:\/\/www.afisec.com\/es\/wp-json\/wp\/v2\/posts\/7390\/revisions\/7392"}],"wp:attachment":[{"href":"https:\/\/www.afisec.com\/es\/wp-json\/wp\/v2\/media?parent=7390"}],"wp:term":[{"taxonomy":"category","embeddable":true,"href":"https:\/\/www.afisec.com\/es\/wp-json\/wp\/v2\/categories?post=7390"},{"taxonomy":"post_tag","embeddable":true,"href":"https:\/\/www.afisec.com\/es\/wp-json\/wp\/v2\/tags?post=7390"}],"curies":[{"name":"wp","href":"https:\/\/api.w.org\/{rel}","templated":true}]}}