{"id":7423,"date":"2019-02-11T13:02:02","date_gmt":"2019-02-11T12:02:02","guid":{"rendered":"http:\/\/www.afisec.com\/es\/?p=7423"},"modified":"2019-03-04T13:31:15","modified_gmt":"2019-03-04T12:31:15","slug":"fiscal-obligaciones-y-comunicaciones-que-hay-que-realizar-en-la-agencia-tributaria-aeat-en-febrero","status":"publish","type":"post","link":"https:\/\/www.afisec.com\/es\/fiscal-obligaciones-y-comunicaciones-que-hay-que-realizar-en-la-agencia-tributaria-aeat-en-febrero\/","title":{"rendered":"Fiscal. Obligaciones y comunicaciones que hay que realizar en la Agencia Tributaria (AEAT) en febrero"},"content":{"rendered":"<p><img loading=\"lazy\" decoding=\"async\" class=\"alignnone size-full wp-image-7396\" src=\"http:\/\/www.afisec.com\/wp-content\/uploads\/FOTO-FISCAL-5.jpg\" alt=\"\" width=\"200\" height=\"270\" \/><\/p>\n<h5><strong><span lang=\"es\">Febrero es un mes que puede determinar algunas de las obligaciones fiscales del resto del ejercicio. Este a\u00f1o, como novedad, las guarder\u00edas o centros de educaci\u00f3n infantil autorizados tienen la obligaci\u00f3n de presentar el modelo 233.<\/span><\/strong><\/h5>\n<p><span lang=\"es\">El nuevo modelo 233 que deben presentar las guarder\u00edas pretende poner en conocimiento de la AEAT<strong> los contribuyentes que pagan por la custodia de sus hijos menores de 3 a\u00f1os y tienen el derecho a incrementar hasta 1.000 \u20ac adicionales la deducci\u00f3n por maternidad en su declaraci\u00f3n del IRPF.<\/strong> <\/span><\/p>\n<p><span lang=\"es\">El plazo de presentaci\u00f3n es del 1 de enero al 15 de febrero. Asimismo, durante este mes tambi\u00e9n hay que presentar el <strong>modelo 347, de declaraci\u00f3n anual de operaciones con terceras personas.<\/strong> Por otra parte, tambi\u00e9n se puede optar por la modalidad de <strong>pago fraccionado (modelo 202) del Impuesto de Sociedades<\/strong> que permite calcularlo sobre la base imponible de los 3, 9 u 11 primeros meses del a\u00f1o natural y tendr\u00e1 efectos al a\u00f1o siguiente.<\/span><\/p>\n","protected":false},"excerpt":{"rendered":"<p>Febrero es un mes que puede determinar algunas de las obligaciones fiscales del resto del ejercicio. Este a\u00f1o, como novedad, las guarder\u00edas o centros de educaci\u00f3n infantil autorizados tienen la obligaci\u00f3n de presentar el modelo 233. El nuevo modelo 233 que deben presentar las guarder\u00edas pretende poner en conocimiento de la AEAT los contribuyentes que &#8230;<\/p>\n","protected":false},"author":4,"featured_media":0,"comment_status":"open","ping_status":"closed","sticky":false,"template":"","format":"standard","meta":{"_monsterinsights_skip_tracking":false,"_monsterinsights_sitenote_active":false,"_monsterinsights_sitenote_note":"","_monsterinsights_sitenote_category":0,"footnotes":""},"categories":[106],"tags":[508,509],"class_list":["post-7423","post","type-post","status-publish","format-standard","hentry","category-asesoria-y-gestion-fiscal","tag-contribuyentes","tag-modelo-233"],"_links":{"self":[{"href":"https:\/\/www.afisec.com\/es\/wp-json\/wp\/v2\/posts\/7423","targetHints":{"allow":["GET"]}}],"collection":[{"href":"https:\/\/www.afisec.com\/es\/wp-json\/wp\/v2\/posts"}],"about":[{"href":"https:\/\/www.afisec.com\/es\/wp-json\/wp\/v2\/types\/post"}],"author":[{"embeddable":true,"href":"https:\/\/www.afisec.com\/es\/wp-json\/wp\/v2\/users\/4"}],"replies":[{"embeddable":true,"href":"https:\/\/www.afisec.com\/es\/wp-json\/wp\/v2\/comments?post=7423"}],"version-history":[{"count":1,"href":"https:\/\/www.afisec.com\/es\/wp-json\/wp\/v2\/posts\/7423\/revisions"}],"predecessor-version":[{"id":7424,"href":"https:\/\/www.afisec.com\/es\/wp-json\/wp\/v2\/posts\/7423\/revisions\/7424"}],"wp:attachment":[{"href":"https:\/\/www.afisec.com\/es\/wp-json\/wp\/v2\/media?parent=7423"}],"wp:term":[{"taxonomy":"category","embeddable":true,"href":"https:\/\/www.afisec.com\/es\/wp-json\/wp\/v2\/categories?post=7423"},{"taxonomy":"post_tag","embeddable":true,"href":"https:\/\/www.afisec.com\/es\/wp-json\/wp\/v2\/tags?post=7423"}],"curies":[{"name":"wp","href":"https:\/\/api.w.org\/{rel}","templated":true}]}}