{"id":7485,"date":"2019-03-06T11:34:12","date_gmt":"2019-03-06T10:34:12","guid":{"rendered":"http:\/\/www.afisec.com\/es\/?p=7485"},"modified":"2019-04-09T11:44:59","modified_gmt":"2019-04-09T09:44:59","slug":"contable-activacion-de-gastos-previos-a-la-posible-adquisicion-de-un-inmovilizado","status":"publish","type":"post","link":"https:\/\/www.afisec.com\/es\/contable-activacion-de-gastos-previos-a-la-posible-adquisicion-de-un-inmovilizado\/","title":{"rendered":"Contable. Activaci\u00f3n de gastos previos a la posible adquisici\u00f3n de un inmovilizado"},"content":{"rendered":"<h5><strong><img loading=\"lazy\" decoding=\"async\" class=\"alignnone size-full wp-image-7439\" src=\"http:\/\/www.afisec.com\/wp-content\/uploads\/FOTO-COMPTABLE-5.jpg\" alt=\"\" width=\"200\" height=\"270\" \/><\/strong><\/h5>\n<h5><strong>Ante la adquisici\u00f3n de un inmovilizado siempre hay dudas de si los gastos previos a la adquisici\u00f3n van a la cuenta de resultados o han de aumentar el valor de adquisici\u00f3n del bien. Estas dudas aumentan cuanto m\u00e1s difuminada es la relaci\u00f3n entre los gastos y el inmovilizado.<\/strong><\/h5>\n<p>De acuerdo con la resoluci\u00f3n del 1 de marzo de 2013 del Instituto de Contabilidad y Auditor\u00eda de Cuentas (ICAC), aunque no es muy aclaratoria, deja a la interpretaci\u00f3n del contable <strong>el hecho de que los gastos previos se sumen al valor final del bien<\/strong>.<\/p>\n<p>En este sentido, los gastos previos a la adquisici\u00f3n que tienen la finalidad de saber si el bien cumple las necesidades de la empresa, se podr\u00e1n considerar como m\u00e1s valor para el inmovilizado.<\/p>\n<p>Por otra parte, los ingresos y gastos relacionados con las actividades accesorias que se pudieran realizar con el inmovilizado <strong>se reconocer\u00e1n en la cuenta de resultados siempre que no sean imprescindibles para poner el activo en condiciones de funcionamiento<\/strong>. As\u00ed pues, cuando no se adquiera el bien los gastos previos ir\u00e1n a p\u00e9rdidas y ganancias.<\/p>\n<p>&nbsp;<\/p>\n","protected":false},"excerpt":{"rendered":"<p>Ante la adquisici\u00f3n de un inmovilizado siempre hay dudas de si los gastos previos a la adquisici\u00f3n van a la cuenta de resultados o han de aumentar el valor de adquisici\u00f3n del bien. Estas dudas aumentan cuanto m\u00e1s difuminada es la relaci\u00f3n entre los gastos y el inmovilizado. De acuerdo con la resoluci\u00f3n del 1 &#8230;<\/p>\n","protected":false},"author":4,"featured_media":0,"comment_status":"open","ping_status":"closed","sticky":false,"template":"","format":"standard","meta":{"_monsterinsights_skip_tracking":false,"_monsterinsights_sitenote_active":false,"_monsterinsights_sitenote_note":"","_monsterinsights_sitenote_category":0,"footnotes":""},"categories":[105],"tags":[524,523],"class_list":["post-7485","post","type-post","status-publish","format-standard","hentry","category-asesoria-contable-y-administrativa","tag-gastos-previos","tag-inmovilizado"],"_links":{"self":[{"href":"https:\/\/www.afisec.com\/es\/wp-json\/wp\/v2\/posts\/7485","targetHints":{"allow":["GET"]}}],"collection":[{"href":"https:\/\/www.afisec.com\/es\/wp-json\/wp\/v2\/posts"}],"about":[{"href":"https:\/\/www.afisec.com\/es\/wp-json\/wp\/v2\/types\/post"}],"author":[{"embeddable":true,"href":"https:\/\/www.afisec.com\/es\/wp-json\/wp\/v2\/users\/4"}],"replies":[{"embeddable":true,"href":"https:\/\/www.afisec.com\/es\/wp-json\/wp\/v2\/comments?post=7485"}],"version-history":[{"count":1,"href":"https:\/\/www.afisec.com\/es\/wp-json\/wp\/v2\/posts\/7485\/revisions"}],"predecessor-version":[{"id":7486,"href":"https:\/\/www.afisec.com\/es\/wp-json\/wp\/v2\/posts\/7485\/revisions\/7486"}],"wp:attachment":[{"href":"https:\/\/www.afisec.com\/es\/wp-json\/wp\/v2\/media?parent=7485"}],"wp:term":[{"taxonomy":"category","embeddable":true,"href":"https:\/\/www.afisec.com\/es\/wp-json\/wp\/v2\/categories?post=7485"},{"taxonomy":"post_tag","embeddable":true,"href":"https:\/\/www.afisec.com\/es\/wp-json\/wp\/v2\/tags?post=7485"}],"curies":[{"name":"wp","href":"https:\/\/api.w.org\/{rel}","templated":true}]}}