{"id":7487,"date":"2019-03-06T11:47:22","date_gmt":"2019-03-06T10:47:22","guid":{"rendered":"http:\/\/www.afisec.com\/es\/?p=7487"},"modified":"2020-02-13T11:44:14","modified_gmt":"2020-02-13T10:44:14","slug":"juridico-la-nueva-ley-de-secretos-empresariales","status":"publish","type":"post","link":"https:\/\/www.afisec.com\/es\/juridico-la-nueva-ley-de-secretos-empresariales\/","title":{"rendered":"Jur\u00eddico. La nueva ley de secretos empresariales"},"content":{"rendered":"<h5><strong><img loading=\"lazy\" decoding=\"async\" class=\"alignnone size-full wp-image-7441\" src=\"http:\/\/www.afisec.com\/wp-content\/uploads\/FOTO-JURIDIC-3.jpg\" alt=\"\" width=\"200\" height=\"270\" \/><\/strong><\/h5>\n<h5><strong>El 21 de febrero se public\u00f3 la nueva Ley 1\/2019 de 20 de febrero de Secretos Empresariales (LSE), que entrar\u00e1 en vigor el 13 de marzo de 2019 y que traslada la Directiva (UE) 2016\/943 del Parlamento Europeo y del Consejo de 8 de junio de 2016, relativa a la protecci\u00f3n de los conocimientos t\u00e9cnicos y la informaci\u00f3n.<\/strong><\/h5>\n<p>La nueva regulaci\u00f3n define el concepto de secreto empresarial, regula la naturaleza patrimonial del mismo y, sobre todo, <strong>crea herramientas de defensa para que la empresa que vea violados sus secretos pueda actuar de manera contundente frente al infractor.<\/strong><\/p>\n<p><strong>condiciones:<\/strong><\/p>\n<p>a) \u00abSer secreto\u00bb, en el sentido de que en su conjunto o en la configuraci\u00f3n y reuni\u00f3n de sus componentes, <strong>no es generalmente conocido por las personas pertenecientes a los c\u00edrculos en que normalmente se utilice el tipo de informaci\u00f3n o conocimiento en cuesti\u00f3n , ni f\u00e1cilmente accesible para ellas.<\/strong><\/p>\n<p>b) <strong>Tener un valor empresarial<\/strong>, ya sea real o potencial, precisamente por \u00abser secreto\u00bb.<\/p>\n<p>c) Haber sido objeto <strong>de medidas razonables por parte de su titular<\/strong> para mantenerlo \u00aben secreto\u00bb.<\/p>\n<p><a href=\"https:\/\/www.boe.es\/buscar\/doc.php?id=BOE-A-2019-2364\">mas informaci\u00f3n<\/a><\/p>\n","protected":false},"excerpt":{"rendered":"<p>El 21 de febrero se public\u00f3 la nueva Ley 1\/2019 de 20 de febrero de Secretos Empresariales (LSE), que entrar\u00e1 en vigor el 13 de marzo de 2019 y que traslada la Directiva (UE) 2016\/943 del Parlamento Europeo y del Consejo de 8 de junio de 2016, relativa a la protecci\u00f3n de los conocimientos t\u00e9cnicos &#8230;<\/p>\n","protected":false},"author":4,"featured_media":0,"comment_status":"open","ping_status":"closed","sticky":false,"template":"","format":"standard","meta":{"_monsterinsights_skip_tracking":false,"_monsterinsights_sitenote_active":false,"_monsterinsights_sitenote_note":"","_monsterinsights_sitenote_category":0,"footnotes":""},"categories":[109],"tags":[],"class_list":["post-7487","post","type-post","status-publish","format-standard","hentry","category-asesoria-juridica"],"_links":{"self":[{"href":"https:\/\/www.afisec.com\/es\/wp-json\/wp\/v2\/posts\/7487","targetHints":{"allow":["GET"]}}],"collection":[{"href":"https:\/\/www.afisec.com\/es\/wp-json\/wp\/v2\/posts"}],"about":[{"href":"https:\/\/www.afisec.com\/es\/wp-json\/wp\/v2\/types\/post"}],"author":[{"embeddable":true,"href":"https:\/\/www.afisec.com\/es\/wp-json\/wp\/v2\/users\/4"}],"replies":[{"embeddable":true,"href":"https:\/\/www.afisec.com\/es\/wp-json\/wp\/v2\/comments?post=7487"}],"version-history":[{"count":1,"href":"https:\/\/www.afisec.com\/es\/wp-json\/wp\/v2\/posts\/7487\/revisions"}],"predecessor-version":[{"id":7488,"href":"https:\/\/www.afisec.com\/es\/wp-json\/wp\/v2\/posts\/7487\/revisions\/7488"}],"wp:attachment":[{"href":"https:\/\/www.afisec.com\/es\/wp-json\/wp\/v2\/media?parent=7487"}],"wp:term":[{"taxonomy":"category","embeddable":true,"href":"https:\/\/www.afisec.com\/es\/wp-json\/wp\/v2\/categories?post=7487"},{"taxonomy":"post_tag","embeddable":true,"href":"https:\/\/www.afisec.com\/es\/wp-json\/wp\/v2\/tags?post=7487"}],"curies":[{"name":"wp","href":"https:\/\/api.w.org\/{rel}","templated":true}]}}