{"id":7530,"date":"2019-05-03T13:42:36","date_gmt":"2019-05-03T11:42:36","guid":{"rendered":"http:\/\/www.afisec.com\/?p=7530"},"modified":"2019-06-04T12:21:07","modified_gmt":"2019-06-04T10:21:07","slug":"renta-2018-novedades-en-la-obligacion-de-declarar","status":"publish","type":"post","link":"https:\/\/www.afisec.com\/es\/renta-2018-novedades-en-la-obligacion-de-declarar\/","title":{"rendered":"Fiscal. RENTA 2018: Novedades en la obligaci\u00f3n de declarar"},"content":{"rendered":"<h5><strong><img loading=\"lazy\" decoding=\"async\" class=\"alignnone size-full wp-image-7516\" src=\"http:\/\/www.afisec.com\/wp-content\/uploads\/fiscal.jpg\" alt=\"\" width=\"200\" height=\"270\" \/><\/strong><\/h5>\n<h5><strong>Hay cambios en la obligaci\u00f3n de declarar el Impuesto sobre la Renta de las Personas F\u00edsicas, unos con efectos desde el 1 de enero de 2018 y otros desde el 5 de julio de 2018.<\/strong><\/h5>\n<p>Con efectos desde el inicio del per\u00edodo impositivo de 2018, <strong>se incluye la de declarar las ganancias patrimoniales derivadas de ayudas p\u00fablicas<\/strong>. Esta partida se a\u00f1ade a las rentas inmobiliarias imputadas, los rendimientos del capital mobiliario no sujetos a retenci\u00f3n derivados de las Letras del Tesoro y en las subvenciones para la adquisici\u00f3n de viviendas de protecci\u00f3n oficial.<strong> El l\u00edmite de todo este conjunto es de 1.000 \u20ac anuales<\/strong>.<\/p>\n<p>Por otra parte, desde la entrada en vigor de la Ley (5 de julio de 2018), el l\u00edmite para la exenci\u00f3n de la obligaci\u00f3n de declarar en caso de tener <strong>rendimientos del trabajo que sean de m\u00e1s de un pagador, pasa de 12.000 \u20ac a 14.000<\/strong> <strong>\u20ac<\/strong>. Sin embargo, el r\u00e9gimen aplicable en el 2018 ser\u00e1 de un l\u00edmite de 12.643 \u20ac.<\/p>\n","protected":false},"excerpt":{"rendered":"<p>Hay cambios en la obligaci\u00f3n de declarar el Impuesto sobre la Renta de las Personas F\u00edsicas, unos con efectos desde el 1 de enero de 2018 y otros desde el 5 de julio de 2018. Con efectos desde el inicio del per\u00edodo impositivo de 2018, se incluye la de declarar las ganancias patrimoniales derivadas de &#8230;<\/p>\n","protected":false},"author":4,"featured_media":0,"comment_status":"open","ping_status":"closed","sticky":false,"template":"","format":"standard","meta":{"_monsterinsights_skip_tracking":false,"_monsterinsights_sitenote_active":false,"_monsterinsights_sitenote_note":"","_monsterinsights_sitenote_category":0,"footnotes":""},"categories":[106,73],"tags":[547,548],"class_list":["post-7530","post","type-post","status-publish","format-standard","hentry","category-asesoria-y-gestion-fiscal","category-assessoria-i-gestio-fiscal","tag-exencion","tag-obligacion-declarar"],"_links":{"self":[{"href":"https:\/\/www.afisec.com\/es\/wp-json\/wp\/v2\/posts\/7530","targetHints":{"allow":["GET"]}}],"collection":[{"href":"https:\/\/www.afisec.com\/es\/wp-json\/wp\/v2\/posts"}],"about":[{"href":"https:\/\/www.afisec.com\/es\/wp-json\/wp\/v2\/types\/post"}],"author":[{"embeddable":true,"href":"https:\/\/www.afisec.com\/es\/wp-json\/wp\/v2\/users\/4"}],"replies":[{"embeddable":true,"href":"https:\/\/www.afisec.com\/es\/wp-json\/wp\/v2\/comments?post=7530"}],"version-history":[{"count":4,"href":"https:\/\/www.afisec.com\/es\/wp-json\/wp\/v2\/posts\/7530\/revisions"}],"predecessor-version":[{"id":7545,"href":"https:\/\/www.afisec.com\/es\/wp-json\/wp\/v2\/posts\/7530\/revisions\/7545"}],"wp:attachment":[{"href":"https:\/\/www.afisec.com\/es\/wp-json\/wp\/v2\/media?parent=7530"}],"wp:term":[{"taxonomy":"category","embeddable":true,"href":"https:\/\/www.afisec.com\/es\/wp-json\/wp\/v2\/categories?post=7530"},{"taxonomy":"post_tag","embeddable":true,"href":"https:\/\/www.afisec.com\/es\/wp-json\/wp\/v2\/tags?post=7530"}],"curies":[{"name":"wp","href":"https:\/\/api.w.org\/{rel}","templated":true}]}}