{"id":7534,"date":"2019-05-03T13:58:05","date_gmt":"2019-05-03T11:58:05","guid":{"rendered":"http:\/\/www.afisec.com\/es\/?p=7534"},"modified":"2019-06-04T12:23:59","modified_gmt":"2019-06-04T10:23:59","slug":"laboral-cuestiones-laborales-en-el-nuevo-escenario-politico","status":"publish","type":"post","link":"https:\/\/www.afisec.com\/es\/laboral-cuestiones-laborales-en-el-nuevo-escenario-politico\/","title":{"rendered":"Laboral. Cuestiones laborales en el nuevo escenario pol\u00edtico"},"content":{"rendered":"<h5><strong><img loading=\"lazy\" decoding=\"async\" class=\"alignnone size-full wp-image-7521\" src=\"http:\/\/www.afisec.com\/wp-content\/uploads\/laboral.jpg\" alt=\"\" width=\"200\" height=\"270\" \/><\/strong><\/h5>\n<h5><strong>El resultado de las elecciones del domingo 28 de abril hace pensar que el PSOE volver\u00e1 a poner sobre la mesa aquellas propuestas en el terreno laboral que no pudieron salir adelante en la anterior legislatura por falta de apoyo pol\u00edtico.<\/strong><\/h5>\n<p>Algunas de las propuestas que est\u00e1n incluidas dentro de su programa electoral son estas:<\/p>\n<p>\u2022 Elaborar un <strong>nuevo Estatuto del Trabajador<\/strong> \u00abque se adapte a los cambios sociales, econ\u00f3micos y tecnol\u00f3gicos del mundo actual y que compagine la\u00a0 competitividad\u00a0\u00a0empresarial con la defensa de los derechos laborales\u00bb.<br \/>\n\u2022 Aumentar gradualmente <strong>el salario m\u00ednimo interprofesional<\/strong>.<br \/>\n\u2022<strong> Simplificar la oferta de contratos<\/strong> de trabajo en tres formas contractuales: indefinido, temporal y formativo.<br \/>\n\u2022 <strong>Modificar el R\u00e9gimen Especial de Trabajadores Aut\u00f3nomos<\/strong> para que coticen de acuerdo a sus ingresos reales.<br \/>\n\u2022 <strong>Aprobar un Estatuto del Becario<\/strong>, para fomentar su retribuci\u00f3n y limitar el encadenamiento de per\u00edodos de pr\u00e1cticas.<br \/>\n\u2022 <strong>Modificar la Ley de Prevenci\u00f3n de Riesgos Laborales<\/strong>, incorporando la prevenci\u00f3n de nuevos riesgos ambientales y tecnol\u00f3gicos.<\/p>\n","protected":false},"excerpt":{"rendered":"<p>El resultado de las elecciones del domingo 28 de abril hace pensar que el PSOE volver\u00e1 a poner sobre la mesa aquellas propuestas en el terreno laboral que no pudieron salir adelante en la anterior legislatura por falta de apoyo pol\u00edtico. Algunas de las propuestas que est\u00e1n incluidas dentro de su programa electoral son estas: &#8230;<\/p>\n","protected":false},"author":4,"featured_media":0,"comment_status":"open","ping_status":"closed","sticky":false,"template":"","format":"standard","meta":{"_monsterinsights_skip_tracking":false,"_monsterinsights_sitenote_active":false,"_monsterinsights_sitenote_note":"","_monsterinsights_sitenote_category":0,"footnotes":""},"categories":[107],"tags":[549,550],"class_list":["post-7534","post","type-post","status-publish","format-standard","hentry","category-asesoria-y-gestion-laboral","tag-nuevo-estatuto-del-trabajador","tag-regimen-autonomos"],"_links":{"self":[{"href":"https:\/\/www.afisec.com\/es\/wp-json\/wp\/v2\/posts\/7534","targetHints":{"allow":["GET"]}}],"collection":[{"href":"https:\/\/www.afisec.com\/es\/wp-json\/wp\/v2\/posts"}],"about":[{"href":"https:\/\/www.afisec.com\/es\/wp-json\/wp\/v2\/types\/post"}],"author":[{"embeddable":true,"href":"https:\/\/www.afisec.com\/es\/wp-json\/wp\/v2\/users\/4"}],"replies":[{"embeddable":true,"href":"https:\/\/www.afisec.com\/es\/wp-json\/wp\/v2\/comments?post=7534"}],"version-history":[{"count":2,"href":"https:\/\/www.afisec.com\/es\/wp-json\/wp\/v2\/posts\/7534\/revisions"}],"predecessor-version":[{"id":7546,"href":"https:\/\/www.afisec.com\/es\/wp-json\/wp\/v2\/posts\/7534\/revisions\/7546"}],"wp:attachment":[{"href":"https:\/\/www.afisec.com\/es\/wp-json\/wp\/v2\/media?parent=7534"}],"wp:term":[{"taxonomy":"category","embeddable":true,"href":"https:\/\/www.afisec.com\/es\/wp-json\/wp\/v2\/categories?post=7534"},{"taxonomy":"post_tag","embeddable":true,"href":"https:\/\/www.afisec.com\/es\/wp-json\/wp\/v2\/tags?post=7534"}],"curies":[{"name":"wp","href":"https:\/\/api.w.org\/{rel}","templated":true}]}}