{"id":7604,"date":"2019-07-09T12:36:42","date_gmt":"2019-07-09T10:36:42","guid":{"rendered":"http:\/\/www.afisec.com\/es\/?p=7604"},"modified":"2019-07-17T12:03:26","modified_gmt":"2019-07-17T10:03:26","slug":"fiscal-medidas-cautelares-sustitutorias-para-las-deudas","status":"publish","type":"post","link":"https:\/\/www.afisec.com\/es\/fiscal-medidas-cautelares-sustitutorias-para-las-deudas\/","title":{"rendered":"Fiscal. Medidas cautelares sustitutorias para las deudas"},"content":{"rendered":"<h5><strong><img loading=\"lazy\" decoding=\"async\" class=\"alignnone size-full wp-image-7589\" src=\"http:\/\/www.afisec.com\/wp-content\/uploads\/FOTO-FISCAL-9.jpg\" alt=\"\" width=\"200\" height=\"270\" \/><\/strong><\/h5>\n<h5><strong>En los casos de aplazamientos o fraccionamientos de deudas tributarias en los cuales se pide que se aporten garant\u00edas, como puede ser un aval bancario, el art\u00edculo 82 de la Ley General Tributaria establece la posibilidad de solicitar a la Administraci\u00f3n que adopte medidas cautelares, en sustituci\u00f3n de las garant\u00edas.<\/strong><\/h5>\n<p>El art\u00edculo 49 del Real Decreto 939\/2005 desarrolla esta posibilidad, en caso de que la garant\u00eda sea excesiva respecto de la cuant\u00eda y plazo de la deuda. Esto, siempre y cuando, el obligado tributario tenga solicitadas devoluciones tributarias u otros pagos a su favor, o bien, sea titular de bienes y derechos que sean susceptibles\u00a0 de embargo.\u00a0\u00a0\u00a0\u00a0\u00a0\u00a0\u00a0\u00a0\u00a0\u00a0\u00a0\u00a0\u00a0\u00a0\u00a0\u00a0\u00a0\u00a0\u00a0\u00a0\u00a0\u00a0\u00a0\u00a0\u00a0\u00a0\u00a0\u00a0\u00a0\u00a0\u00a0\u00a0\u00a0\u00a0\u00a0\u00a0\u00a0\u00a0\u00a0\u00a0\u00a0\u00a0\u00a0\u00a0\u00a0\u00a0\u00a0\u00a0\u00a0\u00a0\u00a0\u00a0\u00a0\u00a0\u00a0\u00a0\u00a0\u00a0\u00a0\u00a0\u00a0\u00a0\u00a0\u00a0\u00a0\u00a0\u00a0\u00a0\u00a0\u00a0\u00a0\u00a0\u00a0\u00a0\u00a0\u00a0\u00a0\u00a0\u00a0\u00a0\u00a0\u00a0\u00a0\u00a0\u00a0\u00a0\u00a0\u00a0\u00a0\u00a0\u00a0\u00a0\u00a0\u00a0\u00a0\u00a0\u00a0\u00a0\u00a0\u00a0\u00a0\u00a0\u00a0\u00a0\u00a0\u00a0\u00a0\u00a0\u00a0\u00a0\u00a0\u00a0\u00a0\u00a0\u00a0\u00a0\u00a0\u00a0\u00a0\u00a0\u00a0\u00a0\u00a0\u00a0\u00a0\u00a0\u00a0\u00a0\u00a0\u00a0\u00a0\u00a0\u00a0\u00a0\u00a0\u00a0\u00a0\u00a0\u00a0\u00a0\u00a0\u00a0\u00a0\u00a0\u00a0\u00a0\u00a0\u00a0\u00a0\u00a0\u00a0\u00a0\u00a0\u00a0\u00a0\u00a0\u00a0\u00a0\u00a0\u00a0\u00a0\u00a0\u00a0\u00a0\u00a0\u00a0\u00a0\u00a0\u00a0\u00a0\u00a0\u00a0\u00a0\u00a0\u00a0\u00a0\u00a0\u00a0\u00a0\u00a0\u00a0\u00a0\u00a0\u00a0\u00a0\u00a0\u00a0\u00a0\u00a0\u00a0\u00a0\u00a0\u00a0\u00a0\u00a0\u00a0\u00a0\u00a0\u00a0\u00a0\u00a0\u00a0\u00a0\u00a0\u00a0\u00a0\u00a0\u00a0\u00a0\u00a0\u00a0\u00a0\u00a0\u00a0\u00a0\u00a0\u00a0\u00a0\u00a0\u00a0\u00a0\u00a0\u00a0\u00a0\u00a0\u00a0\u00a0\u00a0\u00a0\u00a0\u00a0\u00a0\u00a0\u00a0\u00a0\u00a0\u00a0\u00a0\u00a0\u00a0\u00a0\u00a0\u00a0\u00a0\u00a0\u00a0\u00a0\u00a0\u00a0\u00a0\u00a0\u00a0\u00a0\u00a0\u00a0\u00a0\u00a0\u00a0\u00a0\u00a0\u00a0\u00a0\u00a0\u00a0\u00a0\u00a0\u00a0\u00a0\u00a0\u00a0\u00a0\u00a0\u00a0\u00a0\u00a0\u00a0\u00a0\u00a0\u00a0\u00a0\u00a0 <strong>Las medidas cautelares pueden ser:<\/strong><\/p>\n<p>\u2022 La<strong> retenci\u00f3n del pago<\/strong> de devoluciones tributarias<br \/>\n\u2022 <strong>El embargo preventivo de bienes<\/strong> y derechos con anotaci\u00f3n preventiva<br \/>\n\u2022 <strong>La prohibici\u00f3n de vender<\/strong> o disponer de\u00a0bienes y derechos<\/p>\n<p>Los gastos originados por la adopci\u00f3n de estas medidas ser\u00e1n a cargo del deudor tributario. La administraci\u00f3n aprobar\u00e1 o denegar\u00e1 la adopci\u00f3n de las medidas en el mismo acuerdo en el cual se resuelva el aplazamiento o fraccionamiento del tributo.<\/p>\n","protected":false},"excerpt":{"rendered":"<p>En los casos de aplazamientos o fraccionamientos de deudas tributarias en los cuales se pide que se aporten garant\u00edas, como puede ser un aval bancario, el art\u00edculo 82 de la Ley General Tributaria establece la posibilidad de solicitar a la Administraci\u00f3n que adopte medidas cautelares, en sustituci\u00f3n de las garant\u00edas. El art\u00edculo 49 del Real &#8230;<\/p>\n","protected":false},"author":4,"featured_media":0,"comment_status":"open","ping_status":"closed","sticky":false,"template":"","format":"standard","meta":{"_monsterinsights_skip_tracking":false,"_monsterinsights_sitenote_active":false,"_monsterinsights_sitenote_note":"","_monsterinsights_sitenote_category":0,"footnotes":""},"categories":[106],"tags":[583,584,585],"class_list":["post-7604","post","type-post","status-publish","format-standard","hentry","category-asesoria-y-gestion-fiscal","tag-aplazamiento","tag-garantias","tag-medidas-cautelares"],"_links":{"self":[{"href":"https:\/\/www.afisec.com\/es\/wp-json\/wp\/v2\/posts\/7604","targetHints":{"allow":["GET"]}}],"collection":[{"href":"https:\/\/www.afisec.com\/es\/wp-json\/wp\/v2\/posts"}],"about":[{"href":"https:\/\/www.afisec.com\/es\/wp-json\/wp\/v2\/types\/post"}],"author":[{"embeddable":true,"href":"https:\/\/www.afisec.com\/es\/wp-json\/wp\/v2\/users\/4"}],"replies":[{"embeddable":true,"href":"https:\/\/www.afisec.com\/es\/wp-json\/wp\/v2\/comments?post=7604"}],"version-history":[{"count":8,"href":"https:\/\/www.afisec.com\/es\/wp-json\/wp\/v2\/posts\/7604\/revisions"}],"predecessor-version":[{"id":7630,"href":"https:\/\/www.afisec.com\/es\/wp-json\/wp\/v2\/posts\/7604\/revisions\/7630"}],"wp:attachment":[{"href":"https:\/\/www.afisec.com\/es\/wp-json\/wp\/v2\/media?parent=7604"}],"wp:term":[{"taxonomy":"category","embeddable":true,"href":"https:\/\/www.afisec.com\/es\/wp-json\/wp\/v2\/categories?post=7604"},{"taxonomy":"post_tag","embeddable":true,"href":"https:\/\/www.afisec.com\/es\/wp-json\/wp\/v2\/tags?post=7604"}],"curies":[{"name":"wp","href":"https:\/\/api.w.org\/{rel}","templated":true}]}}