{"id":7726,"date":"2019-11-04T13:35:46","date_gmt":"2019-11-04T12:35:46","guid":{"rendered":"http:\/\/www.afisec.com\/es\/?p=7726"},"modified":"2019-11-29T13:39:49","modified_gmt":"2019-11-29T12:39:49","slug":"laboral-primeros-expedientes-por-incumplimiento-del-registro-horario","status":"publish","type":"post","link":"https:\/\/www.afisec.com\/es\/laboral-primeros-expedientes-por-incumplimiento-del-registro-horario\/","title":{"rendered":"Laboral. Primeros expedientes por incumplimiento del registro horario"},"content":{"rendered":"<p><img loading=\"lazy\" decoding=\"async\" class=\"alignnone size-full wp-image-7688\" src=\"http:\/\/www.afisec.com\/wp-content\/uploads\/FOTO-LABORAL-13.jpg\" alt=\"\" width=\"200\" height=\"270\" \/><\/p>\n<h5 id=\"tw-target-text\" class=\"tw-data-text tw-text-large tw-ta\" dir=\"ltr\" data-placeholder=\"Traducci\u00f3n\"><strong><span lang=\"es\" tabindex=\"0\">La Inspecci\u00f3n de Trabajo ya ha abierto las primeras diligencias sancionadoras por el registro horario. Estas visitas se han producido a pesar de que desde Trabajo se comunic\u00f3 que se iba a conceder una cierta moratoria.<\/span><\/strong><\/h5>\n<p id=\"tw-target-text\" class=\"tw-data-text tw-text-large tw-ta\" dir=\"ltr\" data-placeholder=\"Traducci\u00f3n\"><span lang=\"es\" tabindex=\"0\">En caso de que finalmente se imponga una sanci\u00f3n, el Decreto de Trabajo del 12 de marzo <strong>ha establecido que ser\u00e1 grave y conllevar\u00e1 una multa de entre 626 y 6.250 euros por centro de trabajo.<\/strong> Mucho m\u00e1s cuantiosas pueden ser las actas por incumplimiento de los l\u00edmites de jornada y por el afloramiento de horas extra no pagadas ni declaradas. <\/span><\/p>\n<p class=\"tw-data-text tw-text-large tw-ta\" dir=\"ltr\" data-placeholder=\"Traducci\u00f3n\"><span lang=\"es\" tabindex=\"0\">La Inspecci\u00f3n de Trabajo <strong>s\u00f3lo sancionar\u00e1 por los incumplimientos de la ley en materia de jornada laboral, al final de cada a\u00f1o.<\/strong> As\u00ed se desprende del Criterio T\u00e9cnico 101\/2019 sobre actuaci\u00f3n de la Inspecci\u00f3n de Trabajo y Seguridad Social en materia de registro de jornada. En este documento, se establece que la<strong> lectura que se haga del registro de jornada debe hacerse de forma integral,<\/strong> es decir, valorando globalmente las alteraciones de la jornada. Por ejemplo, un d\u00eda puede ser que un trabajador haga dos horas m\u00e1s de trabajo y, otro d\u00eda, dos horas menos. <strong>En cualquier caso, todas las modificaciones deben quedar registradas.<\/strong><\/span><\/p>\n<p>&nbsp;<\/p>\n","protected":false},"excerpt":{"rendered":"<p>La Inspecci\u00f3n de Trabajo ya ha abierto las primeras diligencias sancionadoras por el registro horario. Estas visitas se han producido a pesar de que desde Trabajo se comunic\u00f3 que se iba a conceder una cierta moratoria. En caso de que finalmente se imponga una sanci\u00f3n, el Decreto de Trabajo del 12 de marzo ha establecido &#8230;<\/p>\n","protected":false},"author":4,"featured_media":0,"comment_status":"open","ping_status":"closed","sticky":false,"template":"","format":"standard","meta":{"_monsterinsights_skip_tracking":false,"_monsterinsights_sitenote_active":false,"_monsterinsights_sitenote_note":"","_monsterinsights_sitenote_category":0,"footnotes":""},"categories":[107],"tags":[569,368],"class_list":["post-7726","post","type-post","status-publish","format-standard","hentry","category-asesoria-y-gestion-laboral","tag-control-horario","tag-sancion"],"_links":{"self":[{"href":"https:\/\/www.afisec.com\/es\/wp-json\/wp\/v2\/posts\/7726","targetHints":{"allow":["GET"]}}],"collection":[{"href":"https:\/\/www.afisec.com\/es\/wp-json\/wp\/v2\/posts"}],"about":[{"href":"https:\/\/www.afisec.com\/es\/wp-json\/wp\/v2\/types\/post"}],"author":[{"embeddable":true,"href":"https:\/\/www.afisec.com\/es\/wp-json\/wp\/v2\/users\/4"}],"replies":[{"embeddable":true,"href":"https:\/\/www.afisec.com\/es\/wp-json\/wp\/v2\/comments?post=7726"}],"version-history":[{"count":1,"href":"https:\/\/www.afisec.com\/es\/wp-json\/wp\/v2\/posts\/7726\/revisions"}],"predecessor-version":[{"id":7728,"href":"https:\/\/www.afisec.com\/es\/wp-json\/wp\/v2\/posts\/7726\/revisions\/7728"}],"wp:attachment":[{"href":"https:\/\/www.afisec.com\/es\/wp-json\/wp\/v2\/media?parent=7726"}],"wp:term":[{"taxonomy":"category","embeddable":true,"href":"https:\/\/www.afisec.com\/es\/wp-json\/wp\/v2\/categories?post=7726"},{"taxonomy":"post_tag","embeddable":true,"href":"https:\/\/www.afisec.com\/es\/wp-json\/wp\/v2\/tags?post=7726"}],"curies":[{"name":"wp","href":"https:\/\/api.w.org\/{rel}","templated":true}]}}