{"id":7758,"date":"2019-12-07T13:16:21","date_gmt":"2019-12-07T12:16:21","guid":{"rendered":"http:\/\/www.afisec.com\/?p=7758"},"modified":"2020-02-04T13:32:14","modified_gmt":"2020-02-04T12:32:14","slug":"fiscal-los-abuelos-y-el-impuesto-sobre-la-renta-de-las-personas-fisicas","status":"publish","type":"post","link":"https:\/\/www.afisec.com\/es\/fiscal-los-abuelos-y-el-impuesto-sobre-la-renta-de-las-personas-fisicas\/","title":{"rendered":"Fiscal. Los abuelos y el Impuesto sobre la Renta de las Personas F\u00edsicas"},"content":{"rendered":"<h5 id=\"tw-target-text\" class=\"tw-data-text tw-text-large tw-ta\" dir=\"ltr\" data-placeholder=\"Traducci\u00f3n\"><strong><span lang=\"es\"><img loading=\"lazy\" decoding=\"async\" class=\"alignnone size-full wp-image-7741\" src=\"http:\/\/www.afisec.com\/wp-content\/uploads\/FOTO-FISCAL-14.jpg\" alt=\"\" width=\"200\" height=\"270\" \/><\/span><\/strong><\/h5>\n<h5 class=\"tw-data-text tw-text-large tw-ta\" dir=\"ltr\" data-placeholder=\"Traducci\u00f3n\"><strong><span lang=\"es\">Los abuelos que convivan con sus hijos y nietos sin ingresos se pueden desgravar la cantidad m\u00ednima por descendientes en el Impuesto sobre la Renta de las Personas F\u00edsicas (IRPF).<\/span><\/strong><\/h5>\n<p id=\"tw-target-text\" class=\"tw-data-text tw-text-large tw-ta\" dir=\"ltr\" data-placeholder=\"Traducci\u00f3n\"><span lang=\"es\">Un contribuyente que convive en su piso con su hijo o hija y los nietos menores de edad, se puede aplicar el m\u00ednimo por descendientes por sus nietos,<\/span>\u00a0<strong>siempre y cuando, los padres de los menores no tengan ingresos o sean inferiores a 8.000 \u20ac anuales.<\/strong><\/p>\n<p class=\"tw-data-text tw-text-large tw-ta\" dir=\"ltr\" data-placeholder=\"Traducci\u00f3n\">A pesar de que la Ley del IRPF dice que <strong>\u00abla aplicaci\u00f3n del m\u00ednimo por descendientes corresponde a los contribuyentes de grado m\u00e1s cercano<\/strong> (los padres)\u00bb, si estos no tienen ingresos, o son inferiores a la cantidad mencionada, la responsabilidad recae en los familiares del siguiente grado, es decir, en los abuelos, siempre que se d\u00e9 el requisito de la convivencia conjunta.<\/p>\n","protected":false},"excerpt":{"rendered":"<p>Los abuelos que convivan con sus hijos y nietos sin ingresos se pueden desgravar la cantidad m\u00ednima por descendientes en el Impuesto sobre la Renta de las Personas F\u00edsicas (IRPF). Un contribuyente que convive en su piso con su hijo o hija y los nietos menores de edad, se puede aplicar el m\u00ednimo por descendientes &#8230;<\/p>\n","protected":false},"author":4,"featured_media":0,"comment_status":"open","ping_status":"closed","sticky":false,"template":"","format":"standard","meta":{"_monsterinsights_skip_tracking":false,"_monsterinsights_sitenote_active":false,"_monsterinsights_sitenote_note":"","_monsterinsights_sitenote_category":0,"footnotes":""},"categories":[73],"tags":[635],"class_list":["post-7758","post","type-post","status-publish","format-standard","hentry","category-assessoria-i-gestio-fiscal","tag-minima-por-descendientes"],"_links":{"self":[{"href":"https:\/\/www.afisec.com\/es\/wp-json\/wp\/v2\/posts\/7758","targetHints":{"allow":["GET"]}}],"collection":[{"href":"https:\/\/www.afisec.com\/es\/wp-json\/wp\/v2\/posts"}],"about":[{"href":"https:\/\/www.afisec.com\/es\/wp-json\/wp\/v2\/types\/post"}],"author":[{"embeddable":true,"href":"https:\/\/www.afisec.com\/es\/wp-json\/wp\/v2\/users\/4"}],"replies":[{"embeddable":true,"href":"https:\/\/www.afisec.com\/es\/wp-json\/wp\/v2\/comments?post=7758"}],"version-history":[{"count":1,"href":"https:\/\/www.afisec.com\/es\/wp-json\/wp\/v2\/posts\/7758\/revisions"}],"predecessor-version":[{"id":7759,"href":"https:\/\/www.afisec.com\/es\/wp-json\/wp\/v2\/posts\/7758\/revisions\/7759"}],"wp:attachment":[{"href":"https:\/\/www.afisec.com\/es\/wp-json\/wp\/v2\/media?parent=7758"}],"wp:term":[{"taxonomy":"category","embeddable":true,"href":"https:\/\/www.afisec.com\/es\/wp-json\/wp\/v2\/categories?post=7758"},{"taxonomy":"post_tag","embeddable":true,"href":"https:\/\/www.afisec.com\/es\/wp-json\/wp\/v2\/tags?post=7758"}],"curies":[{"name":"wp","href":"https:\/\/api.w.org\/{rel}","templated":true}]}}