{"id":7762,"date":"2019-12-07T09:33:37","date_gmt":"2019-12-07T08:33:37","guid":{"rendered":"http:\/\/www.afisec.com\/es\/?p=7762"},"modified":"2020-02-05T09:48:24","modified_gmt":"2020-02-05T08:48:24","slug":"juridico-decreto-ley-sobre-medidas-urgentes-para-la-emergencia-climatica","status":"publish","type":"post","link":"https:\/\/www.afisec.com\/es\/juridico-decreto-ley-sobre-medidas-urgentes-para-la-emergencia-climatica\/","title":{"rendered":"Jur\u00eddico.  Decreto ley sobre medidas urgentes para la emergencia clim\u00e1tica"},"content":{"rendered":"<h5 id=\"tw-target-text\" class=\"tw-data-text tw-text-large tw-ta\" dir=\"ltr\" data-placeholder=\"Traducci\u00f3n\"><strong><span lang=\"es\"><img loading=\"lazy\" decoding=\"async\" class=\"alignnone size-full wp-image-7742\" src=\"http:\/\/www.afisec.com\/wp-content\/uploads\/FOTO-JURIDIC-10.jpg\" alt=\"\" width=\"200\" height=\"270\" \/><\/span><\/strong><\/h5>\n<h5 class=\"tw-data-text tw-text-large tw-ta\" dir=\"ltr\" data-placeholder=\"Traducci\u00f3n\"><strong><span lang=\"es\">Catalu\u00f1a lidera el cambio en la regulaci\u00f3n de la autorizaci\u00f3n de las instalaciones de producci\u00f3n de energ\u00eda el\u00e9ctrica provenientes de energ\u00edas e\u00f3lica y solar fotovoltaica<\/span><\/strong><\/h5>\n<p id=\"tw-target-text\" class=\"tw-data-text tw-text-large tw-ta\" dir=\"ltr\" data-placeholder=\"Traducci\u00f3n\"><span lang=\"es\">El decreto ley 16\/2019 de 26 de noviembre tiene por objetivo <strong>restablecer la situaci\u00f3n de infradesarrollo y falta de inversi\u00f3n en instalaciones de producci\u00f3n de energ\u00eda renovable, sea e\u00f3lica o fotovoltaica. <\/strong><\/span><\/p>\n<p class=\"tw-data-text tw-text-large tw-ta\" dir=\"ltr\" data-placeholder=\"Traducci\u00f3n\"><span lang=\"es\">Las dificultades o limitaciones administrativas del Decreto 147\/2019 se han eliminado y se ha configurado un procedimiento m\u00e1s \u00e1gil. Se introducen modificaciones a la Ley 16\/2017 del cambio clim\u00e1tico de Catalu\u00f1a y se modifica, igualmente, el texto refundido de la Ley de urbanismo de Catalu\u00f1a. <strong>La consecuencia es que se facilitan las instalaciones de sistemas de autoproducci\u00f3n y eficiencia energ\u00e9tica en el \u00e1mbito urbano y en el espacio p\u00fablico.<\/strong><\/span><\/p>\n<p dir=\"ltr\" data-placeholder=\"Traducci\u00f3n\"><a href=\"https:\/\/afisec.us8.list-manage.com\/track\/click?u=3760b252ee17c832314216625&amp;id=1492236a63&amp;e=e196bd1c38\" target=\"_blank\" rel=\"noopener\"><strong>Mas informaci\u00f3n<\/strong><\/a><\/p>\n","protected":false},"excerpt":{"rendered":"<p>Catalu\u00f1a lidera el cambio en la regulaci\u00f3n de la autorizaci\u00f3n de las instalaciones de producci\u00f3n de energ\u00eda el\u00e9ctrica provenientes de energ\u00edas e\u00f3lica y solar fotovoltaica El decreto ley 16\/2019 de 26 de noviembre tiene por objetivo restablecer la situaci\u00f3n de infradesarrollo y falta de inversi\u00f3n en instalaciones de producci\u00f3n de energ\u00eda renovable, sea e\u00f3lica o &#8230;<\/p>\n","protected":false},"author":4,"featured_media":0,"comment_status":"open","ping_status":"closed","sticky":false,"template":"","format":"standard","meta":{"_monsterinsights_skip_tracking":false,"_monsterinsights_sitenote_active":false,"_monsterinsights_sitenote_note":"","_monsterinsights_sitenote_category":0,"footnotes":""},"categories":[109,45],"tags":[639,632],"class_list":["post-7762","post","type-post","status-publish","format-standard","hentry","category-asesoria-juridica","category-sin-categoria-es","tag-cambio-en-la-regulacion","tag-emergencia-climatica"],"_links":{"self":[{"href":"https:\/\/www.afisec.com\/es\/wp-json\/wp\/v2\/posts\/7762","targetHints":{"allow":["GET"]}}],"collection":[{"href":"https:\/\/www.afisec.com\/es\/wp-json\/wp\/v2\/posts"}],"about":[{"href":"https:\/\/www.afisec.com\/es\/wp-json\/wp\/v2\/types\/post"}],"author":[{"embeddable":true,"href":"https:\/\/www.afisec.com\/es\/wp-json\/wp\/v2\/users\/4"}],"replies":[{"embeddable":true,"href":"https:\/\/www.afisec.com\/es\/wp-json\/wp\/v2\/comments?post=7762"}],"version-history":[{"count":1,"href":"https:\/\/www.afisec.com\/es\/wp-json\/wp\/v2\/posts\/7762\/revisions"}],"predecessor-version":[{"id":7768,"href":"https:\/\/www.afisec.com\/es\/wp-json\/wp\/v2\/posts\/7762\/revisions\/7768"}],"wp:attachment":[{"href":"https:\/\/www.afisec.com\/es\/wp-json\/wp\/v2\/media?parent=7762"}],"wp:term":[{"taxonomy":"category","embeddable":true,"href":"https:\/\/www.afisec.com\/es\/wp-json\/wp\/v2\/categories?post=7762"},{"taxonomy":"post_tag","embeddable":true,"href":"https:\/\/www.afisec.com\/es\/wp-json\/wp\/v2\/tags?post=7762"}],"curies":[{"name":"wp","href":"https:\/\/api.w.org\/{rel}","templated":true}]}}