{"id":7799,"date":"2020-01-07T09:41:22","date_gmt":"2020-01-07T08:41:22","guid":{"rendered":"http:\/\/www.afisec.com\/es\/?p=7799"},"modified":"2020-02-06T09:59:06","modified_gmt":"2020-02-06T08:59:06","slug":"laboral-el-permiso-de-paternidad-se-incrementa-a-12-semanas","status":"publish","type":"post","link":"https:\/\/www.afisec.com\/es\/laboral-el-permiso-de-paternidad-se-incrementa-a-12-semanas\/","title":{"rendered":"Laboral. El permiso de paternidad se incrementa a 12 semanas"},"content":{"rendered":"<h5 id=\"tw-target-text\" class=\"tw-data-text tw-text-large tw-ta\" dir=\"ltr\" data-placeholder=\"Traducci\u00f3n\"><strong><span lang=\"es\"> <img loading=\"lazy\" decoding=\"async\" class=\"alignnone size-full wp-image-7787\" src=\"http:\/\/www.afisec.com\/wp-content\/uploads\/FOTO-LABORAL-16.jpg\" alt=\"\" width=\"200\" height=\"270\" \/><\/span><\/strong><\/h5>\n<h5 class=\"tw-data-text tw-text-large tw-ta\" dir=\"ltr\" data-placeholder=\"Traducci\u00f3n\"><strong><span lang=\"es\">Como consecuencia de la ley 6\/2019 de medidas urgentes para garantizar la igualdad de trato y oportunidades entre mujeres y hombres en el empleo, se estableci\u00f3 una progresiva equiparaci\u00f3n de los permisos de baja de paternidad y maternidad hasta llegar a las 16 semanas del a\u00f1o 2021. Este derecho est\u00e1 previsto para los nacimientos y cuidados de los hijos.<\/span><\/strong><\/h5>\n<p id=\"tw-target-text\" class=\"tw-data-text tw-text-large tw-ta\" dir=\"ltr\" data-placeholder=\"Traducci\u00f3n\"><span lang=\"es\">Como consecuencia de la aplicaci\u00f3n de esta ley <strong>a partir del a\u00f1o 2020 ser\u00e1 obligatorio un periodo de 4 semanas ininterrumpidas a jornada completa y inmediatamente posteriores al nacimiento del hijo.<\/strong> Posteriormente, el padre podr\u00e1 disfrutar de las 8 semanas restantes de forma continuada o interrumpidas por per\u00edodos semanales, en r\u00e9gimen de jornada completa o parcial, durante el primer a\u00f1o de vida del hijo.<\/span><\/p>\n<p class=\"tw-data-text tw-text-large tw-ta\" dir=\"ltr\" data-placeholder=\"Traducci\u00f3n\"><span lang=\"es\">Durante este a\u00f1o, en los <strong>supuestos de adopci\u00f3n despu\u00e9s de las 6 semanas obligatorias para cada uno de los progenitores, se ampl\u00eda el permiso hasta las 16 semanas<\/strong> que habr\u00e1 distribuir entre los dos progenitores dentro de los 12 meses siguientes a la resoluci\u00f3n judicial. Este permiso se podr\u00e1 disfrutar en r\u00e9gimen de jornada completa o parcial. <\/span><\/p>\n<p class=\"tw-data-text tw-text-large tw-ta\" dir=\"ltr\" data-placeholder=\"Traducci\u00f3n\"><a href=\"https:\/\/afisec.us8.list-manage.com\/track\/click?u=3760b252ee17c832314216625&amp;id=531f243183&amp;e=e196bd1c38\" target=\"_blank\" rel=\"noopener\"><strong>M\u00e1s informaci\u00f3n<\/strong><\/a><\/p>\n<p dir=\"ltr\" data-placeholder=\"Traducci\u00f3n\">\n<p dir=\"ltr\" data-placeholder=\"Traducci\u00f3n\">\n<p dir=\"ltr\" data-placeholder=\"Traducci\u00f3n\">\n","protected":false},"excerpt":{"rendered":"<p>Como consecuencia de la ley 6\/2019 de medidas urgentes para garantizar la igualdad de trato y oportunidades entre mujeres y hombres en el empleo, se estableci\u00f3 una progresiva equiparaci\u00f3n de los permisos de baja de paternidad y maternidad hasta llegar a las 16 semanas del a\u00f1o 2021. Este derecho est\u00e1 previsto para los nacimientos y &#8230;<\/p>\n","protected":false},"author":4,"featured_media":0,"comment_status":"open","ping_status":"closed","sticky":false,"template":"","format":"standard","meta":{"_monsterinsights_skip_tracking":false,"_monsterinsights_sitenote_active":false,"_monsterinsights_sitenote_note":"","_monsterinsights_sitenote_category":0,"footnotes":""},"categories":[107],"tags":[603,652,653],"class_list":["post-7799","post","type-post","status-publish","format-standard","hentry","category-asesoria-y-gestion-laboral","tag-igualdad","tag-nacimientos","tag-permiso-de-paternidad"],"_links":{"self":[{"href":"https:\/\/www.afisec.com\/es\/wp-json\/wp\/v2\/posts\/7799","targetHints":{"allow":["GET"]}}],"collection":[{"href":"https:\/\/www.afisec.com\/es\/wp-json\/wp\/v2\/posts"}],"about":[{"href":"https:\/\/www.afisec.com\/es\/wp-json\/wp\/v2\/types\/post"}],"author":[{"embeddable":true,"href":"https:\/\/www.afisec.com\/es\/wp-json\/wp\/v2\/users\/4"}],"replies":[{"embeddable":true,"href":"https:\/\/www.afisec.com\/es\/wp-json\/wp\/v2\/comments?post=7799"}],"version-history":[{"count":1,"href":"https:\/\/www.afisec.com\/es\/wp-json\/wp\/v2\/posts\/7799\/revisions"}],"predecessor-version":[{"id":7800,"href":"https:\/\/www.afisec.com\/es\/wp-json\/wp\/v2\/posts\/7799\/revisions\/7800"}],"wp:attachment":[{"href":"https:\/\/www.afisec.com\/es\/wp-json\/wp\/v2\/media?parent=7799"}],"wp:term":[{"taxonomy":"category","embeddable":true,"href":"https:\/\/www.afisec.com\/es\/wp-json\/wp\/v2\/categories?post=7799"},{"taxonomy":"post_tag","embeddable":true,"href":"https:\/\/www.afisec.com\/es\/wp-json\/wp\/v2\/tags?post=7799"}],"curies":[{"name":"wp","href":"https:\/\/api.w.org\/{rel}","templated":true}]}}