{"id":7801,"date":"2020-01-07T09:59:36","date_gmt":"2020-01-07T08:59:36","guid":{"rendered":"http:\/\/www.afisec.com\/es\/?p=7801"},"modified":"2020-02-06T10:18:02","modified_gmt":"2020-02-06T09:18:02","slug":"juridico-prorroga-de-los-presupuestos-de-la-generalitat","status":"publish","type":"post","link":"https:\/\/www.afisec.com\/es\/juridico-prorroga-de-los-presupuestos-de-la-generalitat\/","title":{"rendered":"Jur\u00eddico.  Pr\u00f3rroga de los presupuestos de la Generalitat"},"content":{"rendered":"<h5 id=\"tw-target-text\" class=\"tw-data-text tw-text-large tw-ta\" dir=\"ltr\" data-placeholder=\"Traducci\u00f3n\"><span lang=\"es\"><strong><img loading=\"lazy\" decoding=\"async\" class=\"alignnone size-full wp-image-7786\" src=\"http:\/\/www.afisec.com\/wp-content\/uploads\/FOTO-JURIDIC-11.jpg\" alt=\"\" width=\"200\" height=\"270\" \/><\/strong><\/span><\/h5>\n<h5 class=\"tw-data-text tw-text-large tw-ta\" dir=\"ltr\" data-placeholder=\"Traducci\u00f3n\"><span lang=\"es\"><strong>El Decreto 272\/2019 de 23 de diciembre establece los criterios de aplicaci\u00f3n de la pr\u00f3rroga de los presupuestos de la Generalitat de Catalu\u00f1a para el 2017 mientras no entren en vigor los del 2020.<\/strong><\/span><\/h5>\n<p id=\"tw-target-text\" class=\"tw-data-text tw-text-large tw-ta\" dir=\"ltr\" data-placeholder=\"Traducci\u00f3n\"><span lang=\"es\">La presentaci\u00f3n de los presupuestos de la Generalitat de Catalu\u00f1a para 2020 en el Parlamento de Catalu\u00f1a ha retrasado y, por tanto, <strong>no es posible que entren en vigor el 1 de enero de 2020.<\/strong> <\/span><\/p>\n<p class=\"tw-data-text tw-text-large tw-ta\" dir=\"ltr\" data-placeholder=\"Traducci\u00f3n\"><span lang=\"es\">La pr\u00f3rroga autom\u00e1tica de los \u00faltimos presupuestos aprobados podr\u00eda ocasionar <strong>alguna disfunci\u00f3n en la prestaci\u00f3n de los servicios p\u00fablicos ya que la situaci\u00f3n ha cambiado en estos a\u00f1os<\/strong> y han surgido nuevas necesidades que no se recogen en los cr\u00e9ditos iniciales aprobados en el 2017. Por este motivo, hay que asegurar un buen encaje en las estructuras vigentes el 1 de enero de este a\u00f1o <strong>sin que el presupuesto total prorrogado suponga ninguna alteraci\u00f3n sustancial ni vulneraci\u00f3n de la normativa de estabilidad presupuestaria.<\/strong> <\/span><\/p>\n<p class=\"tw-data-text tw-text-large tw-ta\" dir=\"ltr\" data-placeholder=\"Traducci\u00f3n\"><a href=\"https:\/\/afisec.us8.list-manage.com\/track\/click?u=3760b252ee17c832314216625&amp;id=1fe47bc2e6&amp;e=e196bd1c38\" target=\"_blank\" rel=\"noopener\"><strong>M\u00e1s informaci\u00f3n<\/strong><\/a><\/p>\n<p>&nbsp;<\/p>\n","protected":false},"excerpt":{"rendered":"<p>El Decreto 272\/2019 de 23 de diciembre establece los criterios de aplicaci\u00f3n de la pr\u00f3rroga de los presupuestos de la Generalitat de Catalu\u00f1a para el 2017 mientras no entren en vigor los del 2020. La presentaci\u00f3n de los presupuestos de la Generalitat de Catalu\u00f1a para 2020 en el Parlamento de Catalu\u00f1a ha retrasado y, por &#8230;<\/p>\n","protected":false},"author":4,"featured_media":0,"comment_status":"open","ping_status":"closed","sticky":false,"template":"","format":"standard","meta":{"_monsterinsights_skip_tracking":false,"_monsterinsights_sitenote_active":false,"_monsterinsights_sitenote_note":"","_monsterinsights_sitenote_category":0,"footnotes":""},"categories":[109],"tags":[654,361,646],"class_list":["post-7801","post","type-post","status-publish","format-standard","hentry","category-asesoria-juridica","tag-generalitat-de-cataluna","tag-presupuestos","tag-prorroga"],"_links":{"self":[{"href":"https:\/\/www.afisec.com\/es\/wp-json\/wp\/v2\/posts\/7801","targetHints":{"allow":["GET"]}}],"collection":[{"href":"https:\/\/www.afisec.com\/es\/wp-json\/wp\/v2\/posts"}],"about":[{"href":"https:\/\/www.afisec.com\/es\/wp-json\/wp\/v2\/types\/post"}],"author":[{"embeddable":true,"href":"https:\/\/www.afisec.com\/es\/wp-json\/wp\/v2\/users\/4"}],"replies":[{"embeddable":true,"href":"https:\/\/www.afisec.com\/es\/wp-json\/wp\/v2\/comments?post=7801"}],"version-history":[{"count":1,"href":"https:\/\/www.afisec.com\/es\/wp-json\/wp\/v2\/posts\/7801\/revisions"}],"predecessor-version":[{"id":7802,"href":"https:\/\/www.afisec.com\/es\/wp-json\/wp\/v2\/posts\/7801\/revisions\/7802"}],"wp:attachment":[{"href":"https:\/\/www.afisec.com\/es\/wp-json\/wp\/v2\/media?parent=7801"}],"wp:term":[{"taxonomy":"category","embeddable":true,"href":"https:\/\/www.afisec.com\/es\/wp-json\/wp\/v2\/categories?post=7801"},{"taxonomy":"post_tag","embeddable":true,"href":"https:\/\/www.afisec.com\/es\/wp-json\/wp\/v2\/tags?post=7801"}],"curies":[{"name":"wp","href":"https:\/\/api.w.org\/{rel}","templated":true}]}}