{"id":7835,"date":"2020-02-06T12:24:46","date_gmt":"2020-02-06T11:24:46","guid":{"rendered":"http:\/\/www.afisec.com\/es\/?p=7835"},"modified":"2020-02-11T11:15:13","modified_gmt":"2020-02-11T10:15:13","slug":"laboral-el-gobierno-aprueba-la-subida-del-salario-minimo-interprofesional","status":"publish","type":"post","link":"https:\/\/www.afisec.com\/es\/laboral-el-gobierno-aprueba-la-subida-del-salario-minimo-interprofesional\/","title":{"rendered":"Laboral.  El Gobierno aprueba la subida del salario m\u00ednimo interprofesional"},"content":{"rendered":"<h5><strong><img loading=\"lazy\" decoding=\"async\" class=\"alignnone size-full wp-image-7811\" src=\"http:\/\/www.afisec.com\/wp-content\/uploads\/FOTO-LABORAL-17.jpg\" alt=\"\" width=\"200\" height=\"270\" \/><\/strong><\/h5>\n<h5><strong>El Consejo de Ministros ha aprobado el Real decreto 231\/2010 por el que se establece este a\u00f1o una subida del 5,5% del Salario M\u00ednimo Interprofesional (SMI) hasta los 950 euros mensuales por catorce pagas y con efectos retroactivos desde el pasado 1 de enero.<\/strong><\/h5>\n<p>La nueva subida <strong>beneficiar\u00e1 a m\u00e1s de dos millones de trabajadores, con un especial impacto en el r\u00e9gimen general y, de forma m\u00e1s particular, en los trabajadores del hogar y del sector agrario<\/strong>. Este incremento se producir\u00e1 tras el aumento del 22,3% aprobado el 2019 y que signific\u00f3 la subida m\u00e1s alta desde 1977.<\/p>\n<p>En concreto, el nuevo SMI se sit\u00faa <strong>en 31,6 euros al d\u00eda, 950 euros al mes y 13.300 euros al a\u00f1o<\/strong>.<\/p>\n<p>El nuevo ejecutivo de coalici\u00f3n se ha marcado como objetivo, tal como se recoge en el acuerdo program\u00e1tico suscrito entre el PSOE y Unidas Podemos, fijar <strong>el SMI en el 60% del salario medio a finales de la legislatura, lo que le situar\u00eda entre los 1.000 y los 1.200 euros, tal y como recomienda la Carta Social Europea.<\/strong><\/p>\n<p><a href=\"https:\/\/www.boe.es\/diario_boe\/txt.php?id=BOE-A-2020-1652\"><strong>M\u00e1s informaci\u00f3n<\/strong><\/a><\/p>\n","protected":false},"excerpt":{"rendered":"<p>El Consejo de Ministros ha aprobado el Real decreto 231\/2010 por el que se establece este a\u00f1o una subida del 5,5% del Salario M\u00ednimo Interprofesional (SMI) hasta los 950 euros mensuales por catorce pagas y con efectos retroactivos desde el pasado 1 de enero. La nueva subida beneficiar\u00e1 a m\u00e1s de dos millones de trabajadores, &#8230;<\/p>\n","protected":false},"author":4,"featured_media":0,"comment_status":"open","ping_status":"closed","sticky":false,"template":"","format":"standard","meta":{"_monsterinsights_skip_tracking":false,"_monsterinsights_sitenote_active":false,"_monsterinsights_sitenote_note":"","_monsterinsights_sitenote_category":0,"footnotes":""},"categories":[107],"tags":[295],"class_list":["post-7835","post","type-post","status-publish","format-standard","hentry","category-asesoria-y-gestion-laboral","tag-smi"],"_links":{"self":[{"href":"https:\/\/www.afisec.com\/es\/wp-json\/wp\/v2\/posts\/7835","targetHints":{"allow":["GET"]}}],"collection":[{"href":"https:\/\/www.afisec.com\/es\/wp-json\/wp\/v2\/posts"}],"about":[{"href":"https:\/\/www.afisec.com\/es\/wp-json\/wp\/v2\/types\/post"}],"author":[{"embeddable":true,"href":"https:\/\/www.afisec.com\/es\/wp-json\/wp\/v2\/users\/4"}],"replies":[{"embeddable":true,"href":"https:\/\/www.afisec.com\/es\/wp-json\/wp\/v2\/comments?post=7835"}],"version-history":[{"count":3,"href":"https:\/\/www.afisec.com\/es\/wp-json\/wp\/v2\/posts\/7835\/revisions"}],"predecessor-version":[{"id":7852,"href":"https:\/\/www.afisec.com\/es\/wp-json\/wp\/v2\/posts\/7835\/revisions\/7852"}],"wp:attachment":[{"href":"https:\/\/www.afisec.com\/es\/wp-json\/wp\/v2\/media?parent=7835"}],"wp:term":[{"taxonomy":"category","embeddable":true,"href":"https:\/\/www.afisec.com\/es\/wp-json\/wp\/v2\/categories?post=7835"},{"taxonomy":"post_tag","embeddable":true,"href":"https:\/\/www.afisec.com\/es\/wp-json\/wp\/v2\/tags?post=7835"}],"curies":[{"name":"wp","href":"https:\/\/api.w.org\/{rel}","templated":true}]}}