{"id":7919,"date":"2020-10-05T09:06:00","date_gmt":"2020-10-05T07:06:00","guid":{"rendered":"http:\/\/www.afisec.com\/es\/?p=7919"},"modified":"2020-11-05T10:29:18","modified_gmt":"2020-11-05T09:29:18","slug":"laboral-nueva-prorroga-de-los-erte-hasta-el-31-de-enero-de-2021","status":"publish","type":"post","link":"https:\/\/www.afisec.com\/es\/laboral-nueva-prorroga-de-los-erte-hasta-el-31-de-enero-de-2021\/","title":{"rendered":"LABORAL. Nueva pr\u00f3rroga de los ERTE hasta el 31 de enero de 2021"},"content":{"rendered":"<h5 class=\"tw-data-text tw-text-large XcVN5d tw-ta\" dir=\"ltr\" data-placeholder=\"Traducci\u00f3\"><span lang=\"es\"><img loading=\"lazy\" decoding=\"async\" class=\"alignnone size-full wp-image-7897\" src=\"http:\/\/www.afisec.com\/wp-content\/uploads\/foto-laboral.jpg\" alt=\"\" width=\"200\" height=\"270\" \/><\/span><\/h5>\n<h5 id=\"tw-target-text\" class=\"tw-data-text tw-text-large XcVN5d tw-ta\" dir=\"ltr\" data-placeholder=\"Traducci\u00f3\"><strong><span lang=\"es\">Se ha publicado el Real Decreto Ley 30\/2020, de 29 de septiembre, de medidas sociales en materia del empleo. Entre otras novedades, este nuevo Decreto permite la pr\u00f3rroga de los Expedientes de Regulaci\u00f3n Temporal de Empleo (ERTE) por fuerza mayor y por causa econ\u00f3mica. La vigencia estaba prevista hasta el 30 de septiembre y, con la pr\u00f3rroga, los Expedientes de Regulaci\u00f3n de Empleo (ERTE) finalizar\u00e1n el 31 de enero de 2021.<\/span><\/strong><\/h5>\n<p id=\"tw-target-text\" class=\"tw-data-text tw-text-large XcVN5d tw-ta\" dir=\"ltr\" data-placeholder=\"Traducci\u00f3\"><span lang=\"es\">Aunque se prorrogan todos los ERTE hasta el 31 de enero de 2021 s\u00f3lo podr\u00e1n aplicarse <strong>la exoneraci\u00f3n de las cuotas de la Seguridad Social aquellas empresas pertenecientes a sectores con una elevada tasa de cobertura por expedientes de regulaci\u00f3n temporal de empleo y una reducida tasa de recuperaci\u00f3n de actividad.<\/strong> Tal y como se recoge en la Clasificaci\u00f3n Nacional de Actividades Econ\u00f3micas (CNAE) que la misma ley delimita. <\/span><\/p>\n<p class=\"tw-data-text tw-text-large XcVN5d tw-ta\" dir=\"ltr\" data-placeholder=\"Traducci\u00f3\"><span lang=\"es\">Tambi\u00e9n se han creado dos tipos <strong>de ERTE por fuerza mayor: ERTE por impedimento y ERTE por limitaci\u00f3n de actividades, con nuevas exoneraciones de cuotas. <\/strong><\/span><\/p>\n<p class=\"tw-data-text tw-text-large XcVN5d tw-ta\" dir=\"ltr\" data-placeholder=\"Traducci\u00f3\"><span lang=\"es\"> En cualquier caso, las empresas que <strong>a partir del 1 de octubre de este a\u00f1o se apliquen exoneraciones deber\u00e1n mantener el empleo 6 meses m\u00e1s. <\/strong><\/span><\/p>\n<p><strong><em>M\u00e1s informaci\u00f3n<\/em><\/strong><\/p>\n","protected":false},"excerpt":{"rendered":"<p>Se ha publicado el Real Decreto Ley 30\/2020, de 29 de septiembre, de medidas sociales en materia del empleo. Entre otras novedades, este nuevo Decreto permite la pr\u00f3rroga de los Expedientes de Regulaci\u00f3n Temporal de Empleo (ERTE) por fuerza mayor y por causa econ\u00f3mica. La vigencia estaba prevista hasta el 30 de septiembre y, con &#8230;<\/p>\n","protected":false},"author":4,"featured_media":0,"comment_status":"open","ping_status":"closed","sticky":false,"template":"","format":"standard","meta":{"_monsterinsights_skip_tracking":false,"_monsterinsights_sitenote_active":false,"_monsterinsights_sitenote_note":"","_monsterinsights_sitenote_category":0,"footnotes":""},"categories":[107],"tags":[666,681,646],"class_list":["post-7919","post","type-post","status-publish","format-standard","hentry","category-asesoria-y-gestion-laboral","tag-erte","tag-exoneraciones-de-cuotas","tag-prorroga"],"_links":{"self":[{"href":"https:\/\/www.afisec.com\/es\/wp-json\/wp\/v2\/posts\/7919","targetHints":{"allow":["GET"]}}],"collection":[{"href":"https:\/\/www.afisec.com\/es\/wp-json\/wp\/v2\/posts"}],"about":[{"href":"https:\/\/www.afisec.com\/es\/wp-json\/wp\/v2\/types\/post"}],"author":[{"embeddable":true,"href":"https:\/\/www.afisec.com\/es\/wp-json\/wp\/v2\/users\/4"}],"replies":[{"embeddable":true,"href":"https:\/\/www.afisec.com\/es\/wp-json\/wp\/v2\/comments?post=7919"}],"version-history":[{"count":4,"href":"https:\/\/www.afisec.com\/es\/wp-json\/wp\/v2\/posts\/7919\/revisions"}],"predecessor-version":[{"id":7925,"href":"https:\/\/www.afisec.com\/es\/wp-json\/wp\/v2\/posts\/7919\/revisions\/7925"}],"wp:attachment":[{"href":"https:\/\/www.afisec.com\/es\/wp-json\/wp\/v2\/media?parent=7919"}],"wp:term":[{"taxonomy":"category","embeddable":true,"href":"https:\/\/www.afisec.com\/es\/wp-json\/wp\/v2\/categories?post=7919"},{"taxonomy":"post_tag","embeddable":true,"href":"https:\/\/www.afisec.com\/es\/wp-json\/wp\/v2\/tags?post=7919"}],"curies":[{"name":"wp","href":"https:\/\/api.w.org\/{rel}","templated":true}]}}