{"id":7929,"date":"2020-10-05T10:33:30","date_gmt":"2020-10-05T08:33:30","guid":{"rendered":"http:\/\/www.afisec.com\/es\/?p=7929"},"modified":"2020-11-05T10:42:33","modified_gmt":"2020-11-05T09:42:33","slug":"contable-el-registro-contable-de-los-costes-asumidos-por-las-empresas-en-los-erte-vinculados-al-covid-19-1a-parte","status":"publish","type":"post","link":"https:\/\/www.afisec.com\/es\/contable-el-registro-contable-de-los-costes-asumidos-por-las-empresas-en-los-erte-vinculados-al-covid-19-1a-parte\/","title":{"rendered":"CONTABLE. El registro contable de los costes asumidos por las empresas en los ERTE vinculados al Covid-19 (1\u00aa parte)"},"content":{"rendered":"<h5><img loading=\"lazy\" decoding=\"async\" class=\"alignnone size-full wp-image-7910\" src=\"http:\/\/www.afisec.com\/wp-content\/uploads\/foto-contable.jpg\" alt=\"\" width=\"200\" height=\"270\" \/><\/h5>\n<h5><strong>Como se registrar\u00e1n contablemente las n\u00f3minas y la Seguridad Social de los trabajadores de una empresa inmersa en un Expediente de Regulaci\u00f3n de Empleo (ERTE) vinculados al Covid-19?<\/strong><\/h5>\n<p id=\"tw-target-text\" class=\"tw-data-text tw-text-large XcVN5d tw-ta\" dir=\"ltr\" data-placeholder=\"Traducci\u00f3\"><span lang=\"es\">L<strong>a empresa queda exonerada de la obligaci\u00f3n de remunerar el trabajo (en los contratos reducidos temporalmente en la proporci\u00f3n que no se trabaja) y quien asume este compromiso es el Estado.<\/strong> El Instituto de Contabilidad y Auditor\u00eda de Cuentas (ICAC) justifica que el fondo econ\u00f3mico de la exoneraci\u00f3n de la obligaci\u00f3n de pago por parte de la empresa es el de la percepci\u00f3n de una subvenci\u00f3n. <\/span><\/p>\n<p class=\"tw-data-text tw-text-large XcVN5d tw-ta\" dir=\"ltr\" data-placeholder=\"Traducci\u00f3\"><strong><span lang=\"es\">El registro contable de las n\u00f3minas es la habitual: <\/span><\/strong><\/p>\n<p class=\"tw-data-text tw-text-large XcVN5d tw-ta\" dir=\"ltr\" data-placeholder=\"Traducci\u00f3\"><span lang=\"es\">(640) Sueldos y salarios y (642) Seguridad Social Empresa contra (476) Seguridad Social de los acreedores; (4751) Hacienda P\u00fablica y retenciones y (465) Remuneraciones pendientes. <\/span><\/p>\n<p class=\"tw-data-text tw-text-large XcVN5d tw-ta\" dir=\"ltr\" data-placeholder=\"Traducci\u00f3\"><span lang=\"es\">El cr\u00e9dito con la Seguridad Social ser\u00eda (471) Organismo de la Seguridad Social Deudores contra la (74-) Exoneraci\u00f3n de la Seguridad Social. El registro del pago de la Seguridad Social el mes siguiente ser\u00e1 (476) contra la (471) y (572).<\/span><\/p>\n","protected":false},"excerpt":{"rendered":"<p>Como se registrar\u00e1n contablemente las n\u00f3minas y la Seguridad Social de los trabajadores de una empresa inmersa en un Expediente de Regulaci\u00f3n de Empleo (ERTE) vinculados al Covid-19? La empresa queda exonerada de la obligaci\u00f3n de remunerar el trabajo (en los contratos reducidos temporalmente en la proporci\u00f3n que no se trabaja) y quien asume este &#8230;<\/p>\n","protected":false},"author":4,"featured_media":0,"comment_status":"open","ping_status":"closed","sticky":false,"template":"","format":"standard","meta":{"_monsterinsights_skip_tracking":false,"_monsterinsights_sitenote_active":false,"_monsterinsights_sitenote_note":"","_monsterinsights_sitenote_category":0,"footnotes":""},"categories":[105],"tags":[685,686],"class_list":["post-7929","post","type-post","status-publish","format-standard","hentry","category-asesoria-contable-y-administrativa","tag-registro-contable","tag-seguridad-social-exoneraciones"],"_links":{"self":[{"href":"https:\/\/www.afisec.com\/es\/wp-json\/wp\/v2\/posts\/7929","targetHints":{"allow":["GET"]}}],"collection":[{"href":"https:\/\/www.afisec.com\/es\/wp-json\/wp\/v2\/posts"}],"about":[{"href":"https:\/\/www.afisec.com\/es\/wp-json\/wp\/v2\/types\/post"}],"author":[{"embeddable":true,"href":"https:\/\/www.afisec.com\/es\/wp-json\/wp\/v2\/users\/4"}],"replies":[{"embeddable":true,"href":"https:\/\/www.afisec.com\/es\/wp-json\/wp\/v2\/comments?post=7929"}],"version-history":[{"count":1,"href":"https:\/\/www.afisec.com\/es\/wp-json\/wp\/v2\/posts\/7929\/revisions"}],"predecessor-version":[{"id":7930,"href":"https:\/\/www.afisec.com\/es\/wp-json\/wp\/v2\/posts\/7929\/revisions\/7930"}],"wp:attachment":[{"href":"https:\/\/www.afisec.com\/es\/wp-json\/wp\/v2\/media?parent=7929"}],"wp:term":[{"taxonomy":"category","embeddable":true,"href":"https:\/\/www.afisec.com\/es\/wp-json\/wp\/v2\/categories?post=7929"},{"taxonomy":"post_tag","embeddable":true,"href":"https:\/\/www.afisec.com\/es\/wp-json\/wp\/v2\/tags?post=7929"}],"curies":[{"name":"wp","href":"https:\/\/api.w.org\/{rel}","templated":true}]}}