{"id":7947,"date":"2020-09-05T11:37:29","date_gmt":"2020-09-05T09:37:29","guid":{"rendered":"http:\/\/www.afisec.com\/es\/?p=7947"},"modified":"2020-11-05T11:49:22","modified_gmt":"2020-11-05T10:49:22","slug":"laboral-los-padres-que-tengan-que-cuidar-a-los-hijos-enfermos-de-covid-19-tendran-una-baja-laboral-retribuida","status":"publish","type":"post","link":"https:\/\/www.afisec.com\/es\/laboral-los-padres-que-tengan-que-cuidar-a-los-hijos-enfermos-de-covid-19-tendran-una-baja-laboral-retribuida\/","title":{"rendered":"LABORAL. Los padres que tengan que cuidar a los hijos enfermos de Covid-19 tendr\u00e1n una baja laboral retribuida"},"content":{"rendered":"<h5 id=\"tw-target-text\" class=\"tw-data-text tw-text-large XcVN5d tw-ta\" dir=\"ltr\" data-placeholder=\"Traducci\u00f3\"><strong><span lang=\"es\"><img loading=\"lazy\" decoding=\"async\" class=\"alignnone size-full wp-image-7936\" src=\"http:\/\/www.afisec.com\/wp-content\/uploads\/FOTO-LABORAL-18.jpg\" alt=\"\" width=\"200\" height=\"270\" \/><\/span><\/strong><\/h5>\n<h5 class=\"tw-data-text tw-text-large XcVN5d tw-ta\" dir=\"ltr\" data-placeholder=\"Traducci\u00f3\"><strong><span lang=\"es\">Si el ni\u00f1o o ni\u00f1a tiene la Covid, los padres del menor podr\u00e1n acogerse a la baja laboral como convivientes directos del menor.<\/span><\/strong><\/h5>\n<p id=\"tw-target-text\" class=\"tw-data-text tw-text-large XcVN5d tw-ta\" dir=\"ltr\" data-placeholder=\"Traducci\u00f3\"><span lang=\"es\">Cuando se trata de un <strong>ni\u00f1o o ni\u00f1a, o de cualquier otro miembro de la familia que da positivo, est\u00e1n obligados a mantener cuarentena \u00abpor ser convivientes directos\u00bb<\/strong>, ha explicado la ministra Montero. En este caso, el progenitor tiene derecho a pedir una baja laboral. <strong>\u00abPadres de ni\u00f1os con PCR positiva tendr\u00e1n derecho a la baja laboral retribuida seg\u00fan las percepciones a la Seguridad Social\u00bb<\/strong>, ha afirmado la portavoz. <\/span><\/p>\n<p class=\"tw-data-text tw-text-large XcVN5d tw-ta\" dir=\"ltr\" data-placeholder=\"Traducci\u00f3\"><span lang=\"es\">Ante la pol\u00e9mica que ha supuesto dejar fuera de regulaci\u00f3n las situaciones en las que los menores deber\u00e1n hacer cuarentena, pero sin tener la enfermedad, <strong>la ministra de Trabajo ha confirmado que se est\u00e1 estudiando ampliar las bajas laborales por incapacidad temporal a padres y madres que convivan con criaturas en cuarentena y que no est\u00e9n infectados.<\/strong><\/span><\/p>\n","protected":false},"excerpt":{"rendered":"<p>Si el ni\u00f1o o ni\u00f1a tiene la Covid, los padres del menor podr\u00e1n acogerse a la baja laboral como convivientes directos del menor. Cuando se trata de un ni\u00f1o o ni\u00f1a, o de cualquier otro miembro de la familia que da positivo, est\u00e1n obligados a mantener cuarentena \u00abpor ser convivientes directos\u00bb, ha explicado la ministra &#8230;<\/p>\n","protected":false},"author":4,"featured_media":0,"comment_status":"open","ping_status":"closed","sticky":false,"template":"","format":"standard","meta":{"_monsterinsights_skip_tracking":false,"_monsterinsights_sitenote_active":false,"_monsterinsights_sitenote_note":"","_monsterinsights_sitenote_category":0,"footnotes":""},"categories":[107],"tags":[697,698],"class_list":["post-7947","post","type-post","status-publish","format-standard","hentry","category-asesoria-y-gestion-laboral","tag-baja-laboral-convivientes-directos","tag-ninos-con-pcr-positiva"],"_links":{"self":[{"href":"https:\/\/www.afisec.com\/es\/wp-json\/wp\/v2\/posts\/7947","targetHints":{"allow":["GET"]}}],"collection":[{"href":"https:\/\/www.afisec.com\/es\/wp-json\/wp\/v2\/posts"}],"about":[{"href":"https:\/\/www.afisec.com\/es\/wp-json\/wp\/v2\/types\/post"}],"author":[{"embeddable":true,"href":"https:\/\/www.afisec.com\/es\/wp-json\/wp\/v2\/users\/4"}],"replies":[{"embeddable":true,"href":"https:\/\/www.afisec.com\/es\/wp-json\/wp\/v2\/comments?post=7947"}],"version-history":[{"count":1,"href":"https:\/\/www.afisec.com\/es\/wp-json\/wp\/v2\/posts\/7947\/revisions"}],"predecessor-version":[{"id":7948,"href":"https:\/\/www.afisec.com\/es\/wp-json\/wp\/v2\/posts\/7947\/revisions\/7948"}],"wp:attachment":[{"href":"https:\/\/www.afisec.com\/es\/wp-json\/wp\/v2\/media?parent=7947"}],"wp:term":[{"taxonomy":"category","embeddable":true,"href":"https:\/\/www.afisec.com\/es\/wp-json\/wp\/v2\/categories?post=7947"},{"taxonomy":"post_tag","embeddable":true,"href":"https:\/\/www.afisec.com\/es\/wp-json\/wp\/v2\/tags?post=7947"}],"curies":[{"name":"wp","href":"https:\/\/api.w.org\/{rel}","templated":true}]}}