{"id":7951,"date":"2020-09-05T12:08:34","date_gmt":"2020-09-05T10:08:34","guid":{"rendered":"http:\/\/www.afisec.com\/es\/?p=7951"},"modified":"2021-01-26T12:15:18","modified_gmt":"2021-01-26T11:15:18","slug":"contable-la-prestacion-extraordinaria-por-cese-de-actividad-tributa","status":"publish","type":"post","link":"https:\/\/www.afisec.com\/es\/contable-la-prestacion-extraordinaria-por-cese-de-actividad-tributa\/","title":{"rendered":"CONTABLE. \u00bfLa prestaci\u00f3n extraordinaria por cese de actividad tributa?"},"content":{"rendered":"<h5 id=\"tw-target-text\" class=\"tw-data-text tw-text-large XcVN5d tw-ta\" dir=\"ltr\" data-placeholder=\"Traducci\u00f3\"><strong><span lang=\"es\"><img loading=\"lazy\" decoding=\"async\" class=\"alignnone size-full wp-image-7942\" src=\"http:\/\/www.afisec.com\/wp-content\/uploads\/FOTO-CONTABLE-6.jpg\" alt=\"\" width=\"200\" height=\"270\" \/><\/span><\/strong><\/h5>\n<h5 class=\"tw-data-text tw-text-large XcVN5d tw-ta\" dir=\"ltr\" data-placeholder=\"Traducci\u00f3\"><strong><span lang=\"es\">El Real Decreto-Ley 8\/2020 prorrogado hasta el 30 de septiembre de 2020 por el Real Decreto-Ley 24\/2020 que regula la prestaci\u00f3n extraordinaria por cese de actividad no est\u00e1 exenta de tributaci\u00f3n.<\/span><\/strong><\/h5>\n<p id=\"tw-target-text\" class=\"tw-data-text tw-text-large XcVN5d tw-ta\" dir=\"ltr\" data-placeholder=\"Traducci\u00f3\"><span lang=\"es\">Esta prestaci\u00f3n extraordinaria se deber\u00e1 incluir en la declaraci\u00f3n de la renta de 2020, siempre que no haya ninguna modificaci\u00f3n legislativa y aunque la mutua colaboradora de la Seguridad Social no haya retenido ning\u00fan importe. <\/span><\/p>\n<p class=\"tw-data-text tw-text-large XcVN5d tw-ta\" dir=\"ltr\" data-placeholder=\"Traducci\u00f3\"><span lang=\"es\">As\u00ed pues, <strong>la prestaci\u00f3n se tratar\u00e1 como un rendimiento del trabajo y NO como un rendimiento de la actividad econ\u00f3mica de los trabajadores aut\u00f3nomos. Por lo tanto, la prestaci\u00f3n NO deber\u00e1 incluirse como un ingreso m\u00e1s del trimestre en el modelo 130 de pagos fraccionados del IRPF.<\/strong><\/span><\/p>\n<p class=\"tw-data-text tw-text-large XcVN5d tw-ta\" dir=\"ltr\" data-placeholder=\"Traducci\u00f3\"><span lang=\"es\"> En la pr\u00f3xima declaraci\u00f3n de la renta del ejercicio 2020, a presentar entre abril y junio de 2021, se deber\u00e1 incluir todo el importe recibido.<\/span><\/p>\n","protected":false},"excerpt":{"rendered":"<p>El Real Decreto-Ley 8\/2020 prorrogado hasta el 30 de septiembre de 2020 por el Real Decreto-Ley 24\/2020 que regula la prestaci\u00f3n extraordinaria por cese de actividad no est\u00e1 exenta de tributaci\u00f3n. Esta prestaci\u00f3n extraordinaria se deber\u00e1 incluir en la declaraci\u00f3n de la renta de 2020, siempre que no haya ninguna modificaci\u00f3n legislativa y aunque la &#8230;<\/p>\n","protected":false},"author":4,"featured_media":0,"comment_status":"open","ping_status":"closed","sticky":false,"template":"","format":"standard","meta":{"_monsterinsights_skip_tracking":false,"_monsterinsights_sitenote_active":false,"_monsterinsights_sitenote_note":"","_monsterinsights_sitenote_category":0,"footnotes":""},"categories":[105],"tags":[701,702],"class_list":["post-7951","post","type-post","status-publish","format-standard","hentry","category-asesoria-contable-y-administrativa","tag-cese-de-actividad","tag-prestacion-extraordinaria"],"_links":{"self":[{"href":"https:\/\/www.afisec.com\/es\/wp-json\/wp\/v2\/posts\/7951","targetHints":{"allow":["GET"]}}],"collection":[{"href":"https:\/\/www.afisec.com\/es\/wp-json\/wp\/v2\/posts"}],"about":[{"href":"https:\/\/www.afisec.com\/es\/wp-json\/wp\/v2\/types\/post"}],"author":[{"embeddable":true,"href":"https:\/\/www.afisec.com\/es\/wp-json\/wp\/v2\/users\/4"}],"replies":[{"embeddable":true,"href":"https:\/\/www.afisec.com\/es\/wp-json\/wp\/v2\/comments?post=7951"}],"version-history":[{"count":2,"href":"https:\/\/www.afisec.com\/es\/wp-json\/wp\/v2\/posts\/7951\/revisions"}],"predecessor-version":[{"id":8100,"href":"https:\/\/www.afisec.com\/es\/wp-json\/wp\/v2\/posts\/7951\/revisions\/8100"}],"wp:attachment":[{"href":"https:\/\/www.afisec.com\/es\/wp-json\/wp\/v2\/media?parent=7951"}],"wp:term":[{"taxonomy":"category","embeddable":true,"href":"https:\/\/www.afisec.com\/es\/wp-json\/wp\/v2\/categories?post=7951"},{"taxonomy":"post_tag","embeddable":true,"href":"https:\/\/www.afisec.com\/es\/wp-json\/wp\/v2\/tags?post=7951"}],"curies":[{"name":"wp","href":"https:\/\/api.w.org\/{rel}","templated":true}]}}