{"id":7974,"date":"2020-11-05T14:35:29","date_gmt":"2020-11-05T13:35:29","guid":{"rendered":"http:\/\/www.afisec.com\/es\/?p=7974"},"modified":"2020-11-05T14:35:29","modified_gmt":"2020-11-05T13:35:29","slug":"juridico-decreto-ley-de-medidas-urgentes-de-apoyo-a-la-actividad-economica-desarrollada-en-locales-de-negocio-arrendados","status":"publish","type":"post","link":"https:\/\/www.afisec.com\/es\/juridico-decreto-ley-de-medidas-urgentes-de-apoyo-a-la-actividad-economica-desarrollada-en-locales-de-negocio-arrendados\/","title":{"rendered":"JUR\u00cdDICO. Decreto Ley de medidas urgentes de apoyo a la actividad econ\u00f3mica desarrollada en locales de negocio arrendados"},"content":{"rendered":"<h5 dir=\"ltr\" data-placeholder=\"Traducci\u00f3\"><img loading=\"lazy\" decoding=\"async\" class=\"alignnone size-full wp-image-7966\" src=\"http:\/\/www.afisec.com\/wp-content\/uploads\/FOTO-JURIDIC-12.jpg\" alt=\"\" width=\"200\" height=\"270\" \/><\/h5>\n<h5 id=\"tw-target-text\" class=\"tw-data-text tw-text-large XcVN5d tw-ta\" dir=\"ltr\" data-placeholder=\"Traducci\u00f3\"><strong><span lang=\"es\">El pasado d\u00eda 22 de octubre entr\u00f3 en vigor el Decreto Ley 34\/2020 aprobado por la Generalitat para promover las negociaciones entre propietarios y arrendatarios de locales comerciales e industriales en cuanto la reducci\u00f3n del alquiler en los periodos de suspensi\u00f3n o restricci\u00f3n de la actividad.<\/span><\/strong><\/h5>\n<p id=\"tw-target-text\" class=\"tw-data-text tw-text-large XcVN5d tw-ta\" dir=\"ltr\" data-placeholder=\"Traducci\u00f3\"><span lang=\"es\">En resumen se determina lo siguiente:<\/span><\/p>\n<p class=\"tw-data-text tw-text-large XcVN5d tw-ta\" dir=\"ltr\" data-placeholder=\"Traducci\u00f3\"><span lang=\"es\">\u2022 Que la iniciativa <strong>s\u00f3lo es aplicable a actividades industriales o comerciales<\/strong> afectadas por medidas de suspensi\u00f3n de actividad por la Covid-19.<\/span><\/p>\n<p class=\"tw-data-text tw-text-large XcVN5d tw-ta\" dir=\"ltr\" data-placeholder=\"Traducci\u00f3\"><span lang=\"es\">\u2022 A petici\u00f3n del arrendatario <strong>se intentar\u00e1 un acuerdo en el plazo de un mes. <\/strong><\/span><\/p>\n<p class=\"tw-data-text tw-text-large XcVN5d tw-ta\" dir=\"ltr\" data-placeholder=\"Traducci\u00f3\"><span lang=\"es\">Si no hay acuerdo:<\/span><\/p>\n<p class=\"tw-data-text tw-text-large XcVN5d tw-ta\" dir=\"ltr\" data-placeholder=\"Traducci\u00f3\"><span lang=\"es\">\u2022 <strong>Con suspensi\u00f3n de actividad<\/strong>: reducci\u00f3n del 50% mientras dure la suspensi\u00f3n. <\/span><\/p>\n<p class=\"tw-data-text tw-text-large XcVN5d tw-ta\" dir=\"ltr\" data-placeholder=\"Traducci\u00f3\"><span lang=\"es\">\u2022<strong> En caso de restricci\u00f3n parcial<\/strong>: reducci\u00f3n a la mitad de la p\u00e9rdida del aprovechamiento. Si las medidas de suspensi\u00f3n del desarrollo de la actividad o de restricci\u00f3n de aprovechamiento<strong> se prolongan m\u00e1s de tres meses en el curso de un a\u00f1o a contar desde el 22 de octubre, el arrendatario podr\u00e1 desistir del contrato, sin penalizaci\u00f3n . <\/strong><\/span><\/p>\n<p class=\"tw-data-text tw-text-large XcVN5d tw-ta\" dir=\"ltr\" data-placeholder=\"Traducci\u00f3\"><span lang=\"es\"><a href=\"https:\/\/portaldogc.gencat.cat\/utilsEADOP\/PDF\/8252\/1817975.pdf\">M\u00e1s informaci\u00f3n<\/a><\/span><\/p>\n","protected":false},"excerpt":{"rendered":"<p>El pasado d\u00eda 22 de octubre entr\u00f3 en vigor el Decreto Ley 34\/2020 aprobado por la Generalitat para promover las negociaciones entre propietarios y arrendatarios de locales comerciales e industriales en cuanto la reducci\u00f3n del alquiler en los periodos de suspensi\u00f3n o restricci\u00f3n de la actividad. En resumen se determina lo siguiente: \u2022 Que la &#8230;<\/p>\n","protected":false},"author":4,"featured_media":0,"comment_status":"open","ping_status":"closed","sticky":false,"template":"","format":"standard","meta":{"_monsterinsights_skip_tracking":false,"_monsterinsights_sitenote_active":false,"_monsterinsights_sitenote_note":"","_monsterinsights_sitenote_category":0,"footnotes":""},"categories":[109],"tags":[716,715],"class_list":["post-7974","post","type-post","status-publish","format-standard","hentry","category-asesoria-juridica","tag-negociaciones-propietarios-y-arrendatarios","tag-reduccion-del-alquiler"],"_links":{"self":[{"href":"https:\/\/www.afisec.com\/es\/wp-json\/wp\/v2\/posts\/7974","targetHints":{"allow":["GET"]}}],"collection":[{"href":"https:\/\/www.afisec.com\/es\/wp-json\/wp\/v2\/posts"}],"about":[{"href":"https:\/\/www.afisec.com\/es\/wp-json\/wp\/v2\/types\/post"}],"author":[{"embeddable":true,"href":"https:\/\/www.afisec.com\/es\/wp-json\/wp\/v2\/users\/4"}],"replies":[{"embeddable":true,"href":"https:\/\/www.afisec.com\/es\/wp-json\/wp\/v2\/comments?post=7974"}],"version-history":[{"count":2,"href":"https:\/\/www.afisec.com\/es\/wp-json\/wp\/v2\/posts\/7974\/revisions"}],"predecessor-version":[{"id":7976,"href":"https:\/\/www.afisec.com\/es\/wp-json\/wp\/v2\/posts\/7974\/revisions\/7976"}],"wp:attachment":[{"href":"https:\/\/www.afisec.com\/es\/wp-json\/wp\/v2\/media?parent=7974"}],"wp:term":[{"taxonomy":"category","embeddable":true,"href":"https:\/\/www.afisec.com\/es\/wp-json\/wp\/v2\/categories?post=7974"},{"taxonomy":"post_tag","embeddable":true,"href":"https:\/\/www.afisec.com\/es\/wp-json\/wp\/v2\/tags?post=7974"}],"curies":[{"name":"wp","href":"https:\/\/api.w.org\/{rel}","templated":true}]}}