{"id":8049,"date":"2020-03-05T10:13:12","date_gmt":"2020-03-05T09:13:12","guid":{"rendered":"http:\/\/www.afisec.com\/es\/?p=8049"},"modified":"2020-11-10T10:21:33","modified_gmt":"2020-11-10T09:21:33","slug":"contable-plazos-de-pago-de-facturas-a-2020","status":"publish","type":"post","link":"https:\/\/www.afisec.com\/es\/contable-plazos-de-pago-de-facturas-a-2020\/","title":{"rendered":"CONTABLE. Plazos de pago de facturas a 2020"},"content":{"rendered":"<h5 dir=\"ltr\" data-placeholder=\"Traducci\u00f3\"><img loading=\"lazy\" decoding=\"async\" class=\"alignnone size-full wp-image-8033\" src=\"http:\/\/www.afisec.com\/wp-content\/uploads\/FOTO-COMPTABLE.jpeg\" alt=\"\" width=\"200\" height=\"270\" \/><\/h5>\n<h5 id=\"tw-target-text\" class=\"tw-data-text tw-text-large XcVN5d tw-ta\" dir=\"ltr\" data-placeholder=\"Traducci\u00f3\"><strong><span lang=\"es\">El cobro y el pago de las facturas muchas veces se convierte en un dolor de cabeza tanto para aut\u00f3nomos como para pymes debido a la morosidad. \u00bfCu\u00e1les son los plazos de pago de las facturas de los proveedores?<\/span><\/strong><\/h5>\n<p id=\"tw-target-text\" class=\"tw-data-text tw-text-large XcVN5d tw-ta\" dir=\"ltr\" data-placeholder=\"Traducci\u00f3\"><span lang=\"es\">Con independencia de lo que marca la factura recibida <strong>hay 30 d\u00edas naturales desde la fecha de recepci\u00f3n de la mercanc\u00eda o prestaci\u00f3n del servicio para realizar el pago.<\/strong> Si las partes han acordado un d\u00eda de pago en concreto, \u00e9ste no puede superar los 60 d\u00edas naturales despu\u00e9s de recibir la factura. Si no se cobra una factura en el plazo establecido <strong>se podr\u00e1 exigir al responsable del retraso una indemnizaci\u00f3n de 40 \u20ac m\u00e1s los intereses de demora.<\/strong> El grupo m\u00e1s desfavorecido es el de los aut\u00f3nomos donde en <strong>2019 un 39,21% tuvo alg\u00fan impago y, dentro de estos, el 20% tardaron m\u00e1s de 6 meses en cobrar.<\/strong><\/span><\/p>\n<p class=\"tw-data-text tw-text-large XcVN5d tw-ta\" dir=\"ltr\" data-placeholder=\"Traducci\u00f3\"><span lang=\"es\"> Por otra parte, los contratos establecidos entre un profesional o una empresa <strong>con la Administraci\u00f3n tambi\u00e9n est\u00e1n sujetos al l\u00edmite de pago de 30 d\u00edas,<\/strong> y se deber\u00e1 emitir la factura en formato electr\u00f3nico.<\/span><\/p>\n","protected":false},"excerpt":{"rendered":"<p>El cobro y el pago de las facturas muchas veces se convierte en un dolor de cabeza tanto para aut\u00f3nomos como para pymes debido a la morosidad. \u00bfCu\u00e1les son los plazos de pago de las facturas de los proveedores? Con independencia de lo que marca la factura recibida hay 30 d\u00edas naturales desde la fecha &#8230;<\/p>\n","protected":false},"author":4,"featured_media":0,"comment_status":"open","ping_status":"closed","sticky":false,"template":"","format":"standard","meta":{"_monsterinsights_skip_tracking":false,"_monsterinsights_sitenote_active":false,"_monsterinsights_sitenote_note":"","_monsterinsights_sitenote_category":0,"footnotes":""},"categories":[105],"tags":[377,626,742],"class_list":["post-8049","post","type-post","status-publish","format-standard","hentry","category-asesoria-contable-y-administrativa","tag-autonomos","tag-facturas","tag-pymes"],"_links":{"self":[{"href":"https:\/\/www.afisec.com\/es\/wp-json\/wp\/v2\/posts\/8049","targetHints":{"allow":["GET"]}}],"collection":[{"href":"https:\/\/www.afisec.com\/es\/wp-json\/wp\/v2\/posts"}],"about":[{"href":"https:\/\/www.afisec.com\/es\/wp-json\/wp\/v2\/types\/post"}],"author":[{"embeddable":true,"href":"https:\/\/www.afisec.com\/es\/wp-json\/wp\/v2\/users\/4"}],"replies":[{"embeddable":true,"href":"https:\/\/www.afisec.com\/es\/wp-json\/wp\/v2\/comments?post=8049"}],"version-history":[{"count":1,"href":"https:\/\/www.afisec.com\/es\/wp-json\/wp\/v2\/posts\/8049\/revisions"}],"predecessor-version":[{"id":8050,"href":"https:\/\/www.afisec.com\/es\/wp-json\/wp\/v2\/posts\/8049\/revisions\/8050"}],"wp:attachment":[{"href":"https:\/\/www.afisec.com\/es\/wp-json\/wp\/v2\/media?parent=8049"}],"wp:term":[{"taxonomy":"category","embeddable":true,"href":"https:\/\/www.afisec.com\/es\/wp-json\/wp\/v2\/categories?post=8049"},{"taxonomy":"post_tag","embeddable":true,"href":"https:\/\/www.afisec.com\/es\/wp-json\/wp\/v2\/tags?post=8049"}],"curies":[{"name":"wp","href":"https:\/\/api.w.org\/{rel}","templated":true}]}}