{"id":8203,"date":"2021-03-10T09:51:38","date_gmt":"2021-03-10T08:51:38","guid":{"rendered":"http:\/\/www.afisec.com\/es\/?p=8203"},"modified":"2021-03-12T10:02:12","modified_gmt":"2021-03-12T09:02:12","slug":"laboral-novedades-en-el-permiso-por-nacimiento-y-cuidado-de-los-hijos","status":"publish","type":"post","link":"https:\/\/www.afisec.com\/es\/laboral-novedades-en-el-permiso-por-nacimiento-y-cuidado-de-los-hijos\/","title":{"rendered":"LABORAL. Novedades en el permiso por nacimiento y cuidado de los hijos"},"content":{"rendered":"<h5 dir=\"ltr\" data-placeholder=\"Traducci\u00f3\"><img loading=\"lazy\" decoding=\"async\" class=\"alignnone size-full wp-image-8187\" src=\"http:\/\/www.afisec.com\/wp-content\/uploads\/FOTO-LABORAL-25.jpg\" alt=\"\" width=\"200\" height=\"270\" \/><\/h5>\n<h5 id=\"tw-target-text\" class=\"tw-data-text tw-text-large XcVN5d tw-ta\" dir=\"ltr\" data-placeholder=\"Traducci\u00f3\"><strong><span lang=\"es\">A partir de enero de 2021, ambos progenitores disfrutan de 16 semanas de permiso para el cuidado del nuevo hijo o hija, despu\u00e9s del nacimiento o la adopci\u00f3n.<\/span><\/strong><\/h5>\n<p id=\"tw-target-text\" class=\"tw-data-text tw-text-large XcVN5d tw-ta\" dir=\"ltr\" data-placeholder=\"Traducci\u00f3\"><span lang=\"es\">Este proceso para igualar los dos permisos de manera progresiva viene recogido en el Real Decreto Ley de medidas urgentes para garant\u00eda de la igualdad de trato y de oportunidades entre mujeres y hombres en el trabajo y el empleo, aprobado en marzo de 2019. <\/span><\/p>\n<p class=\"tw-data-text tw-text-large XcVN5d tw-ta\" dir=\"ltr\" data-placeholder=\"Traducci\u00f3\"><span lang=\"es\">Con la entrada en vigor de esta norma, el 1 de abril de 2019, el anteriormente llamado permiso de paternidad pasaba de 5 a 8 semanas para el resto del ejercicio. La duraci\u00f3n del mismo se aumentaba hasta las 12 semanas para todo el a\u00f1o 2020. <strong>Este a\u00f1o con la equiparaci\u00f3n el permiso es de 16 semanas.<\/strong><\/span><\/p>\n<p class=\"tw-data-text tw-text-large XcVN5d tw-ta\" dir=\"ltr\" data-placeholder=\"Traducci\u00f3\"><span lang=\"es\">El permiso de paternidad tiene su origen en 2007, hasta ese momento los progenitores s\u00f3lo ten\u00edan dos d\u00edas libres por nacimiento de un hijo. <\/span><\/p>\n<p class=\"tw-data-text tw-text-large XcVN5d tw-ta\" dir=\"ltr\" data-placeholder=\"Traducci\u00f3\"><em><a href=\"https:\/\/afisec.us8.list-manage.com\/track\/click?u=3760b252ee17c832314216625&amp;id=3180f6a17f&amp;e=971d304ca3\"><strong>M\u00e1s informaci\u00f3n<\/strong><\/a><\/em><\/p>\n","protected":false},"excerpt":{"rendered":"<p>A partir de enero de 2021, ambos progenitores disfrutan de 16 semanas de permiso para el cuidado del nuevo hijo o hija, despu\u00e9s del nacimiento o la adopci\u00f3n. Este proceso para igualar los dos permisos de manera progresiva viene recogido en el Real Decreto Ley de medidas urgentes para garant\u00eda de la igualdad de trato &#8230;<\/p>\n","protected":false},"author":4,"featured_media":0,"comment_status":"open","ping_status":"closed","sticky":false,"template":"","format":"standard","meta":{"_monsterinsights_skip_tracking":false,"_monsterinsights_sitenote_active":false,"_monsterinsights_sitenote_note":"","_monsterinsights_sitenote_category":0,"footnotes":""},"categories":[107],"tags":[806,805,804],"class_list":["post-8203","post","type-post","status-publish","format-standard","hentry","category-asesoria-y-gestion-laboral","tag-16-semanas","tag-garantia-de-la-igualdad","tag-permiso-por-nacimiento"],"_links":{"self":[{"href":"https:\/\/www.afisec.com\/es\/wp-json\/wp\/v2\/posts\/8203","targetHints":{"allow":["GET"]}}],"collection":[{"href":"https:\/\/www.afisec.com\/es\/wp-json\/wp\/v2\/posts"}],"about":[{"href":"https:\/\/www.afisec.com\/es\/wp-json\/wp\/v2\/types\/post"}],"author":[{"embeddable":true,"href":"https:\/\/www.afisec.com\/es\/wp-json\/wp\/v2\/users\/4"}],"replies":[{"embeddable":true,"href":"https:\/\/www.afisec.com\/es\/wp-json\/wp\/v2\/comments?post=8203"}],"version-history":[{"count":1,"href":"https:\/\/www.afisec.com\/es\/wp-json\/wp\/v2\/posts\/8203\/revisions"}],"predecessor-version":[{"id":8204,"href":"https:\/\/www.afisec.com\/es\/wp-json\/wp\/v2\/posts\/8203\/revisions\/8204"}],"wp:attachment":[{"href":"https:\/\/www.afisec.com\/es\/wp-json\/wp\/v2\/media?parent=8203"}],"wp:term":[{"taxonomy":"category","embeddable":true,"href":"https:\/\/www.afisec.com\/es\/wp-json\/wp\/v2\/categories?post=8203"},{"taxonomy":"post_tag","embeddable":true,"href":"https:\/\/www.afisec.com\/es\/wp-json\/wp\/v2\/tags?post=8203"}],"curies":[{"name":"wp","href":"https:\/\/api.w.org\/{rel}","templated":true}]}}