{"id":8224,"date":"2021-04-09T12:08:30","date_gmt":"2021-04-09T10:08:30","guid":{"rendered":"http:\/\/www.afisec.com\/es\/?p=8224"},"modified":"2021-04-28T12:20:47","modified_gmt":"2021-04-28T10:20:47","slug":"fiscal-cual-es-la-repercusion-en-renta-para-los-trabajadores-en-erte-en-2020-los-cobros-no-procedentes-del-sepe","status":"publish","type":"post","link":"https:\/\/www.afisec.com\/es\/fiscal-cual-es-la-repercusion-en-renta-para-los-trabajadores-en-erte-en-2020-los-cobros-no-procedentes-del-sepe\/","title":{"rendered":"FISCAL. \u00bfCu\u00e1l es la repercusi\u00f3n en Renta para los trabajadores en ERTE en 2020 los cobros no procedentes del SEPE?"},"content":{"rendered":"<h5 dir=\"ltr\" data-placeholder=\"Traducci\u00f3\"><img loading=\"lazy\" decoding=\"async\" class=\"alignnone size-full wp-image-8211\" src=\"http:\/\/www.afisec.com\/wp-content\/uploads\/FOTO-FISCAL-26.jpg\" alt=\"\" width=\"200\" height=\"270\" \/><\/h5>\n<h5 id=\"tw-target-text\" class=\"tw-data-text tw-text-large XcVN5d tw-ta\" dir=\"ltr\" data-placeholder=\"Traducci\u00f3\"><strong><span class=\"Y2IQFc\" lang=\"es\">Los contribuyentes que han estado en ERTE durante 2020 pueden haber cobrado del SEPE en exceso, y esto plantea un problem\u00e1tica a la hora de hacer su declaraci\u00f3n de la Renta. Esta ser\u00e1 diferente en funci\u00f3n de si el SEPE ya ha iniciado o completado el expediente de reintegro de este exceso, en el momento de presentar la Renta, o si a\u00fan no lo ha hecho.<\/span><\/strong><\/h5>\n<p id=\"tw-target-text\" class=\"tw-data-text tw-text-large XcVN5d tw-ta\" dir=\"ltr\" data-placeholder=\"Traducci\u00f3\"><span class=\"Y2IQFc\" lang=\"es\">La agencia tributaria mantiene contactos con el SEPE para ir recibiendo ficheros con los datos actualizados y as\u00ed gestionando los expedientes de reintegro de las cantidades abonadas en exceso. <strong>Si este reintegro ya se ha hecho en el 2020, Hacienda tendr\u00e1 los datos correctos<\/strong> y \u00e9stas aparecer\u00e1n en los datos fiscales del contribuyente. <strong>Pero si esto no se ha producido, puede que el SEPE que informe a Hacienda de las 2 cantidades<\/strong> (la cobrada y la correcta), y eso ser\u00e1 lo que se reflejar\u00e1 en los datos fiscales. <strong>En este caso, se trata de declarar la diferencia entre ambas y as\u00ed la declaraci\u00f3n ser\u00e1 correcta.<\/strong> Pero tambi\u00e9n puede ser que el SEPE no haya informado nada a Hacienda, y se declare el cobrado, con lo cual, el contribuyente despu\u00e9s deber\u00e1 hacer una declaraci\u00f3n rectificativa de la Renta.<\/span><\/p>\n","protected":false},"excerpt":{"rendered":"<p>Los contribuyentes que han estado en ERTE durante 2020 pueden haber cobrado del SEPE en exceso, y esto plantea un problem\u00e1tica a la hora de hacer su declaraci\u00f3n de la Renta. Esta ser\u00e1 diferente en funci\u00f3n de si el SEPE ya ha iniciado o completado el expediente de reintegro de este exceso, en el momento &#8230;<\/p>\n","protected":false},"author":4,"featured_media":0,"comment_status":"open","ping_status":"closed","sticky":false,"template":"","format":"standard","meta":{"_monsterinsights_skip_tracking":false,"_monsterinsights_sitenote_active":false,"_monsterinsights_sitenote_note":"","_monsterinsights_sitenote_category":0,"footnotes":""},"categories":[106],"tags":[666,817,810],"class_list":["post-8224","post","type-post","status-publish","format-standard","hentry","category-asesoria-y-gestion-fiscal","tag-erte","tag-renta-2020","tag-sepe"],"_links":{"self":[{"href":"https:\/\/www.afisec.com\/es\/wp-json\/wp\/v2\/posts\/8224","targetHints":{"allow":["GET"]}}],"collection":[{"href":"https:\/\/www.afisec.com\/es\/wp-json\/wp\/v2\/posts"}],"about":[{"href":"https:\/\/www.afisec.com\/es\/wp-json\/wp\/v2\/types\/post"}],"author":[{"embeddable":true,"href":"https:\/\/www.afisec.com\/es\/wp-json\/wp\/v2\/users\/4"}],"replies":[{"embeddable":true,"href":"https:\/\/www.afisec.com\/es\/wp-json\/wp\/v2\/comments?post=8224"}],"version-history":[{"count":1,"href":"https:\/\/www.afisec.com\/es\/wp-json\/wp\/v2\/posts\/8224\/revisions"}],"predecessor-version":[{"id":8225,"href":"https:\/\/www.afisec.com\/es\/wp-json\/wp\/v2\/posts\/8224\/revisions\/8225"}],"wp:attachment":[{"href":"https:\/\/www.afisec.com\/es\/wp-json\/wp\/v2\/media?parent=8224"}],"wp:term":[{"taxonomy":"category","embeddable":true,"href":"https:\/\/www.afisec.com\/es\/wp-json\/wp\/v2\/categories?post=8224"},{"taxonomy":"post_tag","embeddable":true,"href":"https:\/\/www.afisec.com\/es\/wp-json\/wp\/v2\/tags?post=8224"}],"curies":[{"name":"wp","href":"https:\/\/api.w.org\/{rel}","templated":true}]}}