{"id":8226,"date":"2021-04-09T12:21:24","date_gmt":"2021-04-09T10:21:24","guid":{"rendered":"http:\/\/www.afisec.com\/es\/?p=8226"},"modified":"2021-04-28T12:33:25","modified_gmt":"2021-04-28T10:33:25","slug":"laboral-se-intuye-una-nueva-prorroga-de-los-erte-mas-alla-del-31-de-mayo","status":"publish","type":"post","link":"https:\/\/www.afisec.com\/es\/laboral-se-intuye-una-nueva-prorroga-de-los-erte-mas-alla-del-31-de-mayo\/","title":{"rendered":"LABORAL . Se intuye una nueva pr\u00f3rroga de los ERTE m\u00e1s all\u00e1 del 31 de mayo"},"content":{"rendered":"<h5 dir=\"ltr\" data-placeholder=\"Traducci\u00f3\"><img loading=\"lazy\" decoding=\"async\" class=\"alignnone size-full wp-image-8214\" src=\"http:\/\/www.afisec.com\/wp-content\/uploads\/FOTO-LABORAL-26.jpg\" alt=\"\" width=\"200\" height=\"270\" \/><\/h5>\n<h5 id=\"tw-target-text\" class=\"tw-data-text tw-text-large XcVN5d tw-ta\" dir=\"ltr\" data-placeholder=\"Traducci\u00f3\"><strong><span class=\"Y2IQFc\" lang=\"es\">Parece que el Ejecutivo quiere prolongar los ERTE m\u00e1s all\u00e1 del 31 de mayo. Si fuera as\u00ed estar\u00edamos ante la quinta pr\u00f3rroga del mecanismo de protecci\u00f3n del empleo.<\/span><\/strong><\/h5>\n<p id=\"tw-target-text\" class=\"tw-data-text tw-text-large XcVN5d tw-ta\" dir=\"ltr\" data-placeholder=\"Traducci\u00f3\"><span class=\"Y2IQFc\" lang=\"es\">El ministro de Inclusi\u00f3n, Seguridad Social y Migraciones, Jos\u00e9 Luis Escriv\u00e1, confirm\u00f3 que planean modificar los incentivos de los ERTE y que las exenciones para las empresas se concentrar\u00e1n en la bonificaci\u00f3n de la vuelta a la actividad de sus trabajadores, y no tanto, en la rebaja de las cuotas de quienes contin\u00faen inmersos en los ajustes de empleo. <\/span><\/p>\n<p class=\"tw-data-text tw-text-large XcVN5d tw-ta\" dir=\"ltr\" data-placeholder=\"Traducci\u00f3\"><span class=\"Y2IQFc\" lang=\"es\">En cualquier caso, y hasta que no tengamos resoluci\u00f3n oficial, <strong>a fecha de hoy los ERTE s vinculados a la Covid-19 finalizan a todos los efectos el pr\u00f3ximo 31 de mayo de 2021.<\/strong><\/span><\/p>\n","protected":false},"excerpt":{"rendered":"<p>Parece que el Ejecutivo quiere prolongar los ERTE m\u00e1s all\u00e1 del 31 de mayo. Si fuera as\u00ed estar\u00edamos ante la quinta pr\u00f3rroga del mecanismo de protecci\u00f3n del empleo. El ministro de Inclusi\u00f3n, Seguridad Social y Migraciones, Jos\u00e9 Luis Escriv\u00e1, confirm\u00f3 que planean modificar los incentivos de los ERTE y que las exenciones para las empresas &#8230;<\/p>\n","protected":false},"author":4,"featured_media":0,"comment_status":"open","ping_status":"closed","sticky":false,"template":"","format":"standard","meta":{"_monsterinsights_skip_tracking":false,"_monsterinsights_sitenote_active":false,"_monsterinsights_sitenote_note":"","_monsterinsights_sitenote_category":0,"footnotes":""},"categories":[105],"tags":[811,666,646],"class_list":["post-8226","post","type-post","status-publish","format-standard","hentry","category-asesoria-contable-y-administrativa","tag-covid-19","tag-erte","tag-prorroga"],"_links":{"self":[{"href":"https:\/\/www.afisec.com\/es\/wp-json\/wp\/v2\/posts\/8226","targetHints":{"allow":["GET"]}}],"collection":[{"href":"https:\/\/www.afisec.com\/es\/wp-json\/wp\/v2\/posts"}],"about":[{"href":"https:\/\/www.afisec.com\/es\/wp-json\/wp\/v2\/types\/post"}],"author":[{"embeddable":true,"href":"https:\/\/www.afisec.com\/es\/wp-json\/wp\/v2\/users\/4"}],"replies":[{"embeddable":true,"href":"https:\/\/www.afisec.com\/es\/wp-json\/wp\/v2\/comments?post=8226"}],"version-history":[{"count":1,"href":"https:\/\/www.afisec.com\/es\/wp-json\/wp\/v2\/posts\/8226\/revisions"}],"predecessor-version":[{"id":8227,"href":"https:\/\/www.afisec.com\/es\/wp-json\/wp\/v2\/posts\/8226\/revisions\/8227"}],"wp:attachment":[{"href":"https:\/\/www.afisec.com\/es\/wp-json\/wp\/v2\/media?parent=8226"}],"wp:term":[{"taxonomy":"category","embeddable":true,"href":"https:\/\/www.afisec.com\/es\/wp-json\/wp\/v2\/categories?post=8226"},{"taxonomy":"post_tag","embeddable":true,"href":"https:\/\/www.afisec.com\/es\/wp-json\/wp\/v2\/tags?post=8226"}],"curies":[{"name":"wp","href":"https:\/\/api.w.org\/{rel}","templated":true}]}}