{"id":8254,"date":"2021-05-14T11:19:03","date_gmt":"2021-05-14T09:19:03","guid":{"rendered":"http:\/\/www.afisec.com\/es\/?p=8254"},"modified":"2021-05-19T12:29:33","modified_gmt":"2021-05-19T10:29:33","slug":"fiscal-cataluna-aprueba-el-nuevo-impuesto-sobre-el-co2","status":"publish","type":"post","link":"https:\/\/www.afisec.com\/es\/fiscal-cataluna-aprueba-el-nuevo-impuesto-sobre-el-co2\/","title":{"rendered":"FISCAL. Catalu\u00f1a aprueba el nuevo impuesto sobre el CO2"},"content":{"rendered":"<h5 dir=\"ltr\" data-placeholder=\"Traducci\u00f3\"><img loading=\"lazy\" decoding=\"async\" class=\"alignnone size-full wp-image-8236\" src=\"http:\/\/www.afisec.com\/wp-content\/uploads\/FOTO-FISCAL-27.jpg\" alt=\"\" width=\"200\" height=\"270\" \/><\/h5>\n<h5 id=\"tw-target-text\" class=\"tw-data-text tw-text-large XcVN5d tw-ta\" dir=\"ltr\" data-placeholder=\"Traducci\u00f3\"><strong><span class=\"Y2IQFc\" lang=\"es\">Ya se puede consultar en la web de la Agencia Tributaria de Catalu\u00f1a el padr\u00f3n provisional de los veh\u00edculos en circulaci\u00f3n en Catalu\u00f1a sujetos al pago del nuevo impuesto sobre las emisiones de di\u00f3xido de carbono.<\/span><\/strong><\/h5>\n<p id=\"tw-target-text\" class=\"tw-data-text tw-text-large XcVN5d tw-ta\" dir=\"ltr\" data-placeholder=\"Traducci\u00f3\"><span class=\"Y2IQFc\" lang=\"es\">El objetivo de este nuevo impuesto es gravar dichas emisiones, que inciden en el incremento de los gases de efecto invernadero. La recaudaci\u00f3n servir\u00e1 para nutrir el Fondo Clim\u00e1tico y el Fondo de Patrimonio Natural. <\/span><\/p>\n<p class=\"tw-data-text tw-text-large XcVN5d tw-ta\" dir=\"ltr\" data-placeholder=\"Traducci\u00f3\"><span class=\"Y2IQFc\" lang=\"es\"><strong>El impuesto lo tendr\u00e1n que pagar todos los propietarios de un autom\u00f3vil o motocicleta<\/strong>, sean personas f\u00edsicas o jur\u00eddicas, cuando las emisiones contaminantes superen los 120 gr \/ km de CO2 o en el caso de las furgonetas de hasta 3,5 toneladas que emitan m\u00e1s de 160 gr \/ km. <\/span><\/p>\n<p class=\"tw-data-text tw-text-large XcVN5d tw-ta\" dir=\"ltr\" data-placeholder=\"Traducci\u00f3\"><span class=\"Y2IQFc\" lang=\"es\"><strong>En la web de la Agencia Tributaria de Catalu\u00f1a se puede consultar desde el pasado 1 de mayo de este a\u00f1o el padr\u00f3n provisional de veh\u00edculos.<\/strong> Hasta el 4 de junio se pueden presentar alegaciones y a partir del 1 de septiembre se podr\u00e1 consultar el padr\u00f3n definitivo. A partir del 15 de septiembre se podr\u00e1 empezar a pagar. El importe oscilar\u00e1 entre 8,8 \u20ac y 102,3 \u20ac.<\/span><\/p>\n","protected":false},"excerpt":{"rendered":"<p>Ya se puede consultar en la web de la Agencia Tributaria de Catalu\u00f1a el padr\u00f3n provisional de los veh\u00edculos en circulaci\u00f3n en Catalu\u00f1a sujetos al pago del nuevo impuesto sobre las emisiones de di\u00f3xido de carbono. El objetivo de este nuevo impuesto es gravar dichas emisiones, que inciden en el incremento de los gases de &#8230;<\/p>\n","protected":false},"author":4,"featured_media":0,"comment_status":"open","ping_status":"closed","sticky":false,"template":"","format":"standard","meta":{"_monsterinsights_skip_tracking":false,"_monsterinsights_sitenote_active":false,"_monsterinsights_sitenote_note":"","_monsterinsights_sitenote_category":0,"footnotes":""},"categories":[106],"tags":[821,832,833],"class_list":["post-8254","post","type-post","status-publish","format-standard","hentry","category-asesoria-y-gestion-fiscal","tag-co2","tag-nuevo-impuesto","tag-vehiculos-en-circulacion"],"_links":{"self":[{"href":"https:\/\/www.afisec.com\/es\/wp-json\/wp\/v2\/posts\/8254","targetHints":{"allow":["GET"]}}],"collection":[{"href":"https:\/\/www.afisec.com\/es\/wp-json\/wp\/v2\/posts"}],"about":[{"href":"https:\/\/www.afisec.com\/es\/wp-json\/wp\/v2\/types\/post"}],"author":[{"embeddable":true,"href":"https:\/\/www.afisec.com\/es\/wp-json\/wp\/v2\/users\/4"}],"replies":[{"embeddable":true,"href":"https:\/\/www.afisec.com\/es\/wp-json\/wp\/v2\/comments?post=8254"}],"version-history":[{"count":1,"href":"https:\/\/www.afisec.com\/es\/wp-json\/wp\/v2\/posts\/8254\/revisions"}],"predecessor-version":[{"id":8255,"href":"https:\/\/www.afisec.com\/es\/wp-json\/wp\/v2\/posts\/8254\/revisions\/8255"}],"wp:attachment":[{"href":"https:\/\/www.afisec.com\/es\/wp-json\/wp\/v2\/media?parent=8254"}],"wp:term":[{"taxonomy":"category","embeddable":true,"href":"https:\/\/www.afisec.com\/es\/wp-json\/wp\/v2\/categories?post=8254"},{"taxonomy":"post_tag","embeddable":true,"href":"https:\/\/www.afisec.com\/es\/wp-json\/wp\/v2\/tags?post=8254"}],"curies":[{"name":"wp","href":"https:\/\/api.w.org\/{rel}","templated":true}]}}