{"id":8256,"date":"2021-05-14T12:30:15","date_gmt":"2021-05-14T10:30:15","guid":{"rendered":"http:\/\/www.afisec.com\/es\/?p=8256"},"modified":"2021-05-19T12:45:50","modified_gmt":"2021-05-19T10:45:50","slug":"laboral-que-pasa-con-los-erte-a-partir-del-1-de-junio","status":"publish","type":"post","link":"https:\/\/www.afisec.com\/es\/laboral-que-pasa-con-los-erte-a-partir-del-1-de-junio\/","title":{"rendered":"LABORAL. \u00bfQu\u00e9 pasa con los ERTE a partir del 1 de junio?"},"content":{"rendered":"<h5 id=\"tw-target-text\" class=\"tw-data-text tw-text-large XcVN5d tw-ta\" dir=\"ltr\" data-placeholder=\"Traducci\u00f3\"><strong><span class=\"Y2IQFc\" lang=\"es\"><img loading=\"lazy\" decoding=\"async\" class=\"alignnone size-full wp-image-8239\" src=\"http:\/\/www.afisec.com\/wp-content\/uploads\/FOTO-LABORAL-27.jpg\" alt=\"\" width=\"200\" height=\"270\" \/><\/span><\/strong><\/h5>\n<h5 class=\"tw-data-text tw-text-large XcVN5d tw-ta\" dir=\"ltr\" data-placeholder=\"Traducci\u00f3\"><strong><span class=\"Y2IQFc\" lang=\"es\">La ministra de Trabajo, Yolanda D\u00edaz, anuncia una nueva pr\u00f3rroga de los ERTE despu\u00e9s del 31 de mayo y se compromete a extender los Expedientes de Regulaci\u00f3n Temporal de Empleo que mantendr\u00e1n una f\u00f3rmula muy similar a la actual. Comienzan las negociaciones con los sindicatos y las patronales.<\/span><\/strong><\/h5>\n<p id=\"tw-target-text\" class=\"tw-data-text tw-text-large XcVN5d tw-ta\" dir=\"ltr\" data-placeholder=\"Traducci\u00f3\"><span class=\"Y2IQFc\" lang=\"es\">Los puntos b\u00e1sicos de la negociaci\u00f3n son dos:<\/span><\/p>\n<p class=\"tw-data-text tw-text-large XcVN5d tw-ta\" dir=\"ltr\" data-placeholder=\"Traducci\u00f3\"><span class=\"Y2IQFc\" lang=\"es\">\u2022 En relaci\u00f3n al periodo de renovaci\u00f3n, <strong>el formato de 4 meses<\/strong> es lo que ha predominado en las renovaciones anteriores y no parece que vaya a ser un problema en la negociaci\u00f3n.<\/span><\/p>\n<p class=\"tw-data-text tw-text-large XcVN5d tw-ta\" dir=\"ltr\" data-placeholder=\"Traducci\u00f3\"><span class=\"Y2IQFc\" lang=\"es\">\u2022 El <strong>c\u00f3mo hacerlo y en qu\u00e9 condiciones,<\/strong> parece que ser\u00e1 el punto de inflexi\u00f3n de las negociaciones. <\/span><\/p>\n<p class=\"tw-data-text tw-text-large XcVN5d tw-ta\" dir=\"ltr\" data-placeholder=\"Traducci\u00f3\"><span class=\"Y2IQFc\" lang=\"es\">Una parte de la mesa parece que defender\u00e1 aumentar los incentivos para aquellas empresas <strong>que mantengan su empresa en ERTE pero que reactiven una proporci\u00f3n elevada de trabajadores.<\/strong><\/span><\/p>\n<p class=\"tw-data-text tw-text-large XcVN5d tw-ta\" dir=\"ltr\" data-placeholder=\"Traducci\u00f3\"><span class=\"Y2IQFc\" lang=\"es\">Este planteamiento no gusta demasiado a patronales y sindicatos, que <strong>prefieren volcar los recursos a dar m\u00e1s ayudas a las empresas<\/strong> que, o bien tengan a todos sus trabajadores en ERTE, o bien a una parte de su plantilla, pero siempre, prevaleciendo las suspensiones.<\/span><\/p>\n","protected":false},"excerpt":{"rendered":"<p>La ministra de Trabajo, Yolanda D\u00edaz, anuncia una nueva pr\u00f3rroga de los ERTE despu\u00e9s del 31 de mayo y se compromete a extender los Expedientes de Regulaci\u00f3n Temporal de Empleo que mantendr\u00e1n una f\u00f3rmula muy similar a la actual. Comienzan las negociaciones con los sindicatos y las patronales. Los puntos b\u00e1sicos de la negociaci\u00f3n son &#8230;<\/p>\n","protected":false},"author":4,"featured_media":0,"comment_status":"open","ping_status":"closed","sticky":false,"template":"","format":"standard","meta":{"_monsterinsights_skip_tracking":false,"_monsterinsights_sitenote_active":false,"_monsterinsights_sitenote_note":"","_monsterinsights_sitenote_category":0,"footnotes":""},"categories":[107],"tags":[666,834,835],"class_list":["post-8256","post","type-post","status-publish","format-standard","hentry","category-asesoria-y-gestion-laboral","tag-erte","tag-negociacion","tag-nueva-prorroga"],"_links":{"self":[{"href":"https:\/\/www.afisec.com\/es\/wp-json\/wp\/v2\/posts\/8256","targetHints":{"allow":["GET"]}}],"collection":[{"href":"https:\/\/www.afisec.com\/es\/wp-json\/wp\/v2\/posts"}],"about":[{"href":"https:\/\/www.afisec.com\/es\/wp-json\/wp\/v2\/types\/post"}],"author":[{"embeddable":true,"href":"https:\/\/www.afisec.com\/es\/wp-json\/wp\/v2\/users\/4"}],"replies":[{"embeddable":true,"href":"https:\/\/www.afisec.com\/es\/wp-json\/wp\/v2\/comments?post=8256"}],"version-history":[{"count":1,"href":"https:\/\/www.afisec.com\/es\/wp-json\/wp\/v2\/posts\/8256\/revisions"}],"predecessor-version":[{"id":8257,"href":"https:\/\/www.afisec.com\/es\/wp-json\/wp\/v2\/posts\/8256\/revisions\/8257"}],"wp:attachment":[{"href":"https:\/\/www.afisec.com\/es\/wp-json\/wp\/v2\/media?parent=8256"}],"wp:term":[{"taxonomy":"category","embeddable":true,"href":"https:\/\/www.afisec.com\/es\/wp-json\/wp\/v2\/categories?post=8256"},{"taxonomy":"post_tag","embeddable":true,"href":"https:\/\/www.afisec.com\/es\/wp-json\/wp\/v2\/tags?post=8256"}],"curies":[{"name":"wp","href":"https:\/\/api.w.org\/{rel}","templated":true}]}}