{"id":8260,"date":"2021-05-14T12:56:05","date_gmt":"2021-05-14T10:56:05","guid":{"rendered":"http:\/\/www.afisec.com\/es\/?p=8260"},"modified":"2021-05-19T13:08:41","modified_gmt":"2021-05-19T11:08:41","slug":"juridico-modificacion-de-la-nueva-ley-del-registro-civil","status":"publish","type":"post","link":"https:\/\/www.afisec.com\/es\/juridico-modificacion-de-la-nueva-ley-del-registro-civil\/","title":{"rendered":"JUR\u00cdDICO.  Modificaci\u00f3n de la nueva Ley del Registro Civil"},"content":{"rendered":"<h5 id=\"tw-target-text\" class=\"tw-data-text tw-text-large XcVN5d tw-ta\" dir=\"ltr\" data-placeholder=\"Traducci\u00f3\"><strong><span class=\"Y2IQFc\" lang=\"es\"><img loading=\"lazy\" decoding=\"async\" class=\"alignnone size-full wp-image-8250\" src=\"http:\/\/www.afisec.com\/wp-content\/uploads\/FOTO-JURIDIC-18.jpg\" alt=\"\" width=\"200\" height=\"270\" \/><\/span><\/strong><\/h5>\n<h5 class=\"tw-data-text tw-text-large XcVN5d tw-ta\" dir=\"ltr\" data-placeholder=\"Traducci\u00f3\"><strong><span class=\"Y2IQFc\" lang=\"es\">La Ley 20\/2011, as\u00ed como su reforma, ha entrado en en vigor el 30 de abril de este a\u00f1o, aunque con una implantaci\u00f3n progresiva.<\/span><\/strong><\/h5>\n<p id=\"tw-target-text\" class=\"tw-data-text tw-text-large XcVN5d tw-ta\" dir=\"ltr\" data-placeholder=\"Traducci\u00f3\"><span class=\"Y2IQFc\" lang=\"es\">Las principales novedades son:<\/span><\/p>\n<p class=\"tw-data-text tw-text-large XcVN5d tw-ta\" dir=\"ltr\" data-placeholder=\"Traducci\u00f3\"><span class=\"Y2IQFc\" lang=\"es\">\u2022 <strong>Nuevo modelo<\/strong> de Registro Civil \u00fanico <strong>para toda Espa\u00f1a<\/strong> <\/span><\/p>\n<p class=\"tw-data-text tw-text-large XcVN5d tw-ta\" dir=\"ltr\" data-placeholder=\"Traducci\u00f3\"><span class=\"Y2IQFc\" lang=\"es\">\u2022 <strong>Informatizaci\u00f3n<\/strong> del Registro <\/span><\/p>\n<p class=\"tw-data-text tw-text-large XcVN5d tw-ta\" dir=\"ltr\" data-placeholder=\"Traducci\u00f3\"><span class=\"Y2IQFc\" lang=\"es\">\u2022 Organizaci\u00f3n de la publicidad registral en <strong>formato digital<\/strong> y se facilitar\u00e1 el acceso telem\u00e1tico a los ciudadanos mediante <strong>certificaci\u00f3n electr\u00f3nica.<\/strong> <\/span><\/p>\n<p class=\"tw-data-text tw-text-large XcVN5d tw-ta\" dir=\"ltr\" data-placeholder=\"Traducci\u00f3\"><span class=\"Y2IQFc\" lang=\"es\">\u2022 Registro Civil atendido por personal de <strong>la administraci\u00f3n de Justicia <\/strong><\/span><\/p>\n<p class=\"tw-data-text tw-text-large XcVN5d tw-ta\" dir=\"ltr\" data-placeholder=\"Traducci\u00f3\"><span class=\"Y2IQFc\" lang=\"es\">\u2022 Se implantar\u00e1 un <strong>c\u00f3digo personal para el Sistema Inform\u00e1tico<\/strong> del Registro Civil que se asociar\u00e1 de forma inmediata en el DNI cuando sea espa\u00f1ol o en otros documentos identificativos (para extranjeros), durante toda la vida de la persona. <\/span><\/p>\n<p class=\"tw-data-text tw-text-large XcVN5d tw-ta\" dir=\"ltr\" data-placeholder=\"Traducci\u00f3\"><span class=\"Y2IQFc\" lang=\"es\">\u2022 Se<strong> modifica la regulaci\u00f3n de firma electr\u00f3nica<\/strong> distingui\u00e9ndose la que se utiliza para la pr\u00e1ctica de los asientos y la de expedici\u00f3n de certificaciones.<\/span><\/p>\n<p class=\"tw-data-text tw-text-large XcVN5d tw-ta\" dir=\"ltr\" data-placeholder=\"Traducci\u00f3\"><span class=\"Y2IQFc\" lang=\"es\">\u2022<strong> Agilizaci\u00f3n de cambios de apellidos<\/strong> y, incluso de identidad, en supuestos de violencia machista <\/span><\/p>\n<p class=\"tw-data-text tw-text-large XcVN5d tw-ta\" dir=\"ltr\" data-placeholder=\"Traducci\u00f3\"><span class=\"Y2IQFc\" lang=\"es\"> <a href=\"https:\/\/afisec.us8.list-manage.com\/track\/click?u=3760b252ee17c832314216625&amp;id=1be4ac2e6e&amp;e=57e9b37e67\"><strong>\u00a0<em>M\u00e1s informaci\u00f3n<\/em><\/strong><\/a> <\/span><\/p>\n","protected":false},"excerpt":{"rendered":"<p>La Ley 20\/2011, as\u00ed como su reforma, ha entrado en en vigor el 30 de abril de este a\u00f1o, aunque con una implantaci\u00f3n progresiva. Las principales novedades son: \u2022 Nuevo modelo de Registro Civil \u00fanico para toda Espa\u00f1a \u2022 Informatizaci\u00f3n del Registro \u2022 Organizaci\u00f3n de la publicidad registral en formato digital y se facilitar\u00e1 el &#8230;<\/p>\n","protected":false},"author":4,"featured_media":0,"comment_status":"open","ping_status":"closed","sticky":false,"template":"","format":"standard","meta":{"_monsterinsights_skip_tracking":false,"_monsterinsights_sitenote_active":false,"_monsterinsights_sitenote_note":"","_monsterinsights_sitenote_category":0,"footnotes":""},"categories":[109],"tags":[840,839,841],"class_list":["post-8260","post","type-post","status-publish","format-standard","hentry","category-asesoria-juridica","tag-novedades","tag-nuevo-modelo","tag-registro-civil"],"_links":{"self":[{"href":"https:\/\/www.afisec.com\/es\/wp-json\/wp\/v2\/posts\/8260","targetHints":{"allow":["GET"]}}],"collection":[{"href":"https:\/\/www.afisec.com\/es\/wp-json\/wp\/v2\/posts"}],"about":[{"href":"https:\/\/www.afisec.com\/es\/wp-json\/wp\/v2\/types\/post"}],"author":[{"embeddable":true,"href":"https:\/\/www.afisec.com\/es\/wp-json\/wp\/v2\/users\/4"}],"replies":[{"embeddable":true,"href":"https:\/\/www.afisec.com\/es\/wp-json\/wp\/v2\/comments?post=8260"}],"version-history":[{"count":1,"href":"https:\/\/www.afisec.com\/es\/wp-json\/wp\/v2\/posts\/8260\/revisions"}],"predecessor-version":[{"id":8261,"href":"https:\/\/www.afisec.com\/es\/wp-json\/wp\/v2\/posts\/8260\/revisions\/8261"}],"wp:attachment":[{"href":"https:\/\/www.afisec.com\/es\/wp-json\/wp\/v2\/media?parent=8260"}],"wp:term":[{"taxonomy":"category","embeddable":true,"href":"https:\/\/www.afisec.com\/es\/wp-json\/wp\/v2\/categories?post=8260"},{"taxonomy":"post_tag","embeddable":true,"href":"https:\/\/www.afisec.com\/es\/wp-json\/wp\/v2\/tags?post=8260"}],"curies":[{"name":"wp","href":"https:\/\/api.w.org\/{rel}","templated":true}]}}