{"id":8316,"date":"2021-06-18T12:53:28","date_gmt":"2021-06-18T10:53:28","guid":{"rendered":"http:\/\/www.afisec.com\/es\/?p=8316"},"modified":"2021-07-20T13:05:33","modified_gmt":"2021-07-20T11:05:33","slug":"contable-como-contabilizar-el-iva-deducible-cuando-se-ha-eliminado-en-una-inspeccion","status":"publish","type":"post","link":"https:\/\/www.afisec.com\/es\/contable-como-contabilizar-el-iva-deducible-cuando-se-ha-eliminado-en-una-inspeccion\/","title":{"rendered":"CONTABLE. \u00bfC\u00f3mo contabilizar el IVA deducible cuando se ha eliminado en una inspecci\u00f3n?"},"content":{"rendered":"<h5 dir=\"ltr\" data-placeholder=\"Traducci\u00f3\"><img loading=\"lazy\" decoding=\"async\" class=\"alignnone size-full wp-image-8288\" src=\"http:\/\/www.afisec.com\/wp-content\/uploads\/COMPTABLE.jpg\" alt=\"\" width=\"200\" height=\"270\" \/><\/h5>\n<h5 id=\"tw-target-text\" class=\"tw-data-text tw-text-large XcVN5d tw-ta\" dir=\"ltr\" data-placeholder=\"Traducci\u00f3\"><strong><span class=\"Y2IQFc\" lang=\"es\">En la presentaci\u00f3n del modelo 303 con el IVA devengado y IVA deducible y de acuerdo a la informaci\u00f3n anotada en los libros de registros de facturas emitidas y recibidas, con el resultado correspondiente (a ingresar, a devolver o a compensar), el IVA se puede modificar despu\u00e9s de una inspecci\u00f3n. Una vez subsanados los errores hay 4 a\u00f1os para poder deducir este IVA soportado.<\/span><\/strong><\/h5>\n<p id=\"tw-target-text\" class=\"tw-data-text tw-text-large XcVN5d tw-ta\" dir=\"ltr\" data-placeholder=\"Traducci\u00f3\"><span class=\"Y2IQFc\" lang=\"es\">Si con motivo de una inspecci\u00f3n, parte del IVA soportado incluido en una liquidaci\u00f3n anterior es objeto de eliminaci\u00f3n (debido a la falta de anotaci\u00f3n de determinada informaci\u00f3n sobre alguna de las operaciones indicadas en el libro de registro de facturas recibidas) , <strong>el ingreso que no se realiz\u00f3 en su momento se tiene que regularizar y liquidar al tiempo pagar la sanci\u00f3n correspondiente. <\/strong><\/span><\/p>\n<p class=\"tw-data-text tw-text-large XcVN5d tw-ta\" dir=\"ltr\" data-placeholder=\"Traducci\u00f3\"><span class=\"Y2IQFc\" lang=\"es\"><strong>Contablemente se disminuye el importe a compensar<\/strong> (470) contra el IVA soportado que no se pod\u00eda deducir la inspecci\u00f3n (472).<\/span><\/p>\n<p class=\"tw-data-text tw-text-large XcVN5d tw-ta\" dir=\"ltr\" data-placeholder=\"Traducci\u00f3\">Si no hay IVA para compensar (470) <strong>deber\u00e1 regularizar v\u00eda ingreso<\/strong> (4750). Tambi\u00e9n podr\u00eda ser una combinaci\u00f3n de reducir la cuenta (470) y pagar la diferencia (4750).<\/p>\n<p class=\"tw-data-text tw-text-large XcVN5d tw-ta\" dir=\"ltr\" data-placeholder=\"Traducci\u00f3\"><strong>Hay que dar de baja la deuda tributaria<\/strong> con la cuenta (4750) contra la cuenta de tesorer\u00eda (572).<\/p>\n","protected":false},"excerpt":{"rendered":"<p>En la presentaci\u00f3n del modelo 303 con el IVA devengado y IVA deducible y de acuerdo a la informaci\u00f3n anotada en los libros de registros de facturas emitidas y recibidas, con el resultado correspondiente (a ingresar, a devolver o a compensar), el IVA se puede modificar despu\u00e9s de una inspecci\u00f3n. Una vez subsanados los errores &#8230;<\/p>\n","protected":false},"author":4,"featured_media":0,"comment_status":"open","ping_status":"closed","sticky":false,"template":"","format":"standard","meta":{"_monsterinsights_skip_tracking":false,"_monsterinsights_sitenote_active":false,"_monsterinsights_sitenote_note":"","_monsterinsights_sitenote_category":0,"footnotes":""},"categories":[105],"tags":[204,862,863],"class_list":["post-8316","post","type-post","status-publish","format-standard","hentry","category-asesoria-contable-y-administrativa","tag-inspeccion","tag-iva-deducible","tag-modelo-303"],"_links":{"self":[{"href":"https:\/\/www.afisec.com\/es\/wp-json\/wp\/v2\/posts\/8316","targetHints":{"allow":["GET"]}}],"collection":[{"href":"https:\/\/www.afisec.com\/es\/wp-json\/wp\/v2\/posts"}],"about":[{"href":"https:\/\/www.afisec.com\/es\/wp-json\/wp\/v2\/types\/post"}],"author":[{"embeddable":true,"href":"https:\/\/www.afisec.com\/es\/wp-json\/wp\/v2\/users\/4"}],"replies":[{"embeddable":true,"href":"https:\/\/www.afisec.com\/es\/wp-json\/wp\/v2\/comments?post=8316"}],"version-history":[{"count":2,"href":"https:\/\/www.afisec.com\/es\/wp-json\/wp\/v2\/posts\/8316\/revisions"}],"predecessor-version":[{"id":8318,"href":"https:\/\/www.afisec.com\/es\/wp-json\/wp\/v2\/posts\/8316\/revisions\/8318"}],"wp:attachment":[{"href":"https:\/\/www.afisec.com\/es\/wp-json\/wp\/v2\/media?parent=8316"}],"wp:term":[{"taxonomy":"category","embeddable":true,"href":"https:\/\/www.afisec.com\/es\/wp-json\/wp\/v2\/categories?post=8316"},{"taxonomy":"post_tag","embeddable":true,"href":"https:\/\/www.afisec.com\/es\/wp-json\/wp\/v2\/tags?post=8316"}],"curies":[{"name":"wp","href":"https:\/\/api.w.org\/{rel}","templated":true}]}}