{"id":8358,"date":"2021-09-10T12:45:29","date_gmt":"2021-09-10T10:45:29","guid":{"rendered":"http:\/\/www.afisec.com\/es\/?p=8358"},"modified":"2021-09-23T12:58:48","modified_gmt":"2021-09-23T10:58:48","slug":"fiscal-reduccion-de-recargos-para-presentar-la-autoliquidacion-extemporanea-sin-requerimiento-previo","status":"publish","type":"post","link":"https:\/\/www.afisec.com\/es\/fiscal-reduccion-de-recargos-para-presentar-la-autoliquidacion-extemporanea-sin-requerimiento-previo\/","title":{"rendered":"FISCAL. Reducci\u00f3n de recargos para presentar la autoliquidaci\u00f3n extempor\u00e1nea sin requerimiento previo"},"content":{"rendered":"<h5 dir=\"ltr\" data-placeholder=\"Traducci\u00f3n\"><img loading=\"lazy\" decoding=\"async\" class=\"alignnone size-full wp-image-8340\" src=\"http:\/\/www.afisec.com\/wp-content\/uploads\/FOTO-FISCAL-33.jpg\" alt=\"\" width=\"200\" height=\"270\" \/><\/h5>\n<h5 id=\"tw-target-text\" class=\"tw-data-text tw-text-large XcVN5d tw-ta\" dir=\"ltr\" data-placeholder=\"Traducci\u00f3n\"><strong><span class=\"Y2IQFc\" lang=\"es\">Se modifica el apartado 2 del art\u00edculo 27 de la Ley General Tributaria por motivos de proporcionalidad y justicia tributaria, en los 2 casos que seguidamente exponemos. El primero es una minoraci\u00f3n y el segundo es una novedad.<\/span><\/strong><\/h5>\n<p id=\"tw-target-text\" class=\"tw-data-text tw-text-large XcVN5d tw-ta\" dir=\"ltr\" data-placeholder=\"Traducci\u00f3n\"><strong><span class=\"Y2IQFc\" lang=\"es\" style=\"color: #5e7598;\">1. Presentaci\u00f3n de una autoliquidaci\u00f3n fuera de plazo sin que haya un requerimiento previo de la Agencia Estatal de Administraci\u00f3n Tributaria (AEAT).<\/span><\/strong><\/p>\n<p class=\"tw-data-text tw-text-large XcVN5d tw-ta\" dir=\"ltr\" data-placeholder=\"Traducci\u00f3n\"><span class=\"Y2IQFc\" lang=\"es\">En este caso, el recargo ser\u00e1 de un <strong>1% m\u00e1s otro 1% adicional por cada mes completo de retraso<\/strong> con el que se presente la autoliquidaci\u00f3n respecto del plazo establecido para su presentaci\u00f3n. Si la presentaci\u00f3n se realiza pasados \u200b\u200b12 meses desde este plazo, <strong>el recargo ser\u00e1 entonces del 15%. <\/strong><\/span><\/p>\n<p class=\"tw-data-text tw-text-large XcVN5d tw-ta\" dir=\"ltr\" data-placeholder=\"Traducci\u00f3n\"><strong><span class=\"Y2IQFc\" lang=\"es\" style=\"color: #5e7598;\">2. No habr\u00e1 recargo si el contribuyente regulariza de manera voluntaria, mediante la presentaci\u00f3n de autoliquidaci\u00f3n correspondiente, otros per\u00edodos por el mismo concepto impositivo. <\/span><\/strong><\/p>\n<p class=\"tw-data-text tw-text-large XcVN5d tw-ta\" dir=\"ltr\" data-placeholder=\"Traducci\u00f3n\"><span class=\"Y2IQFc\" lang=\"es\">Esta situaci\u00f3n debe ser id\u00e9ntica a la que se regulariz\u00f3 en otro periodo. La condici\u00f3n es que <strong>se haga en un plazo m\u00e1ximo de 6 meses<\/strong> y que no haya ninguna sanci\u00f3n por parte de Hacienda para la regularizaci\u00f3n.<\/span><\/p>\n","protected":false},"excerpt":{"rendered":"<p>Se modifica el apartado 2 del art\u00edculo 27 de la Ley General Tributaria por motivos de proporcionalidad y justicia tributaria, en los 2 casos que seguidamente exponemos. El primero es una minoraci\u00f3n y el segundo es una novedad. 1. Presentaci\u00f3n de una autoliquidaci\u00f3n fuera de plazo sin que haya un requerimiento previo de la Agencia &#8230;<\/p>\n","protected":false},"author":4,"featured_media":0,"comment_status":"open","ping_status":"closed","sticky":false,"template":"","format":"standard","meta":{"_monsterinsights_skip_tracking":false,"_monsterinsights_sitenote_active":false,"_monsterinsights_sitenote_note":"","_monsterinsights_sitenote_category":0,"footnotes":""},"categories":[106],"tags":[884,885],"class_list":["post-8358","post","type-post","status-publish","format-standard","hentry","category-asesoria-y-gestion-fiscal","tag-autoliquidacion-extemporanea","tag-reduccion-de-recargos"],"_links":{"self":[{"href":"https:\/\/www.afisec.com\/es\/wp-json\/wp\/v2\/posts\/8358","targetHints":{"allow":["GET"]}}],"collection":[{"href":"https:\/\/www.afisec.com\/es\/wp-json\/wp\/v2\/posts"}],"about":[{"href":"https:\/\/www.afisec.com\/es\/wp-json\/wp\/v2\/types\/post"}],"author":[{"embeddable":true,"href":"https:\/\/www.afisec.com\/es\/wp-json\/wp\/v2\/users\/4"}],"replies":[{"embeddable":true,"href":"https:\/\/www.afisec.com\/es\/wp-json\/wp\/v2\/comments?post=8358"}],"version-history":[{"count":3,"href":"https:\/\/www.afisec.com\/es\/wp-json\/wp\/v2\/posts\/8358\/revisions"}],"predecessor-version":[{"id":8361,"href":"https:\/\/www.afisec.com\/es\/wp-json\/wp\/v2\/posts\/8358\/revisions\/8361"}],"wp:attachment":[{"href":"https:\/\/www.afisec.com\/es\/wp-json\/wp\/v2\/media?parent=8358"}],"wp:term":[{"taxonomy":"category","embeddable":true,"href":"https:\/\/www.afisec.com\/es\/wp-json\/wp\/v2\/categories?post=8358"},{"taxonomy":"post_tag","embeddable":true,"href":"https:\/\/www.afisec.com\/es\/wp-json\/wp\/v2\/tags?post=8358"}],"curies":[{"name":"wp","href":"https:\/\/api.w.org\/{rel}","templated":true}]}}