{"id":8366,"date":"2021-09-10T13:07:33","date_gmt":"2021-09-10T11:07:33","guid":{"rendered":"http:\/\/www.afisec.com\/es\/?p=8366"},"modified":"2021-09-23T13:17:11","modified_gmt":"2021-09-23T11:17:11","slug":"laboral-el-teletrabajo-tras-la-covid-19","status":"publish","type":"post","link":"https:\/\/www.afisec.com\/es\/laboral-el-teletrabajo-tras-la-covid-19\/","title":{"rendered":"LABORAL. El teletrabajo tras la Covid-19"},"content":{"rendered":"<p><strong><img loading=\"lazy\" decoding=\"async\" class=\"alignnone size-full wp-image-8350\" src=\"http:\/\/www.afisec.com\/wp-content\/uploads\/FOTO-LABORAL-30.jpg\" alt=\"\" width=\"200\" height=\"270\" \/><\/strong><\/p>\n<h5 id=\"tw-target-text\" class=\"tw-data-text tw-text-large XcVN5d tw-ta\" dir=\"ltr\" data-placeholder=\"Traducci\u00f3n\"><strong><span class=\"Y2IQFc\" lang=\"es\">El teletrabajo ya es una realidad y deja de estar vinculado a la Covid-19, y se hac\u00eda necesario un marco legal que organizara este tipo de relaciones laborales. La Ley del Teletrabajo (Ley 10\/2021) regula estos tipos de relaciones laborales y obliga a las partes a formalizar un documento que preserve los derechos y obligaciones de ambas partes.<\/span><\/strong><\/h5>\n<div id=\"tw-container\" data-cp=\"1\" data-is-ver=\"false\" data-nnttsvi=\"1\" data-sm=\"1\" data-sugg-time=\"500\" data-sugg-url=\"https:\/\/clients1.google.com\/complete\/search\" data-uilc=\"es\">\n<div>\n<div>\n<div id=\"tw-ob\" class=\"tw-src-ltr\">\n<div class=\"oSioSc\">\n<div id=\"tw-target\">\n<div id=\"kAz1tf\" class=\"g9WsWb\">\n<div id=\"tw-target-text-container\" class=\"tw-ta-container F0azHf tw-nfl\" tabindex=\"0\">\n<p id=\"tw-target-text\" class=\"tw-data-text tw-text-large XcVN5d tw-ta\" dir=\"ltr\" data-placeholder=\"Traducci\u00f3n\"><span class=\"Y2IQFc\" lang=\"es\">As\u00ed pues, el art\u00edculo 5 de la nueva ley hace obligatorio un documento como \u00abacuerdo de teletrabajo\u00bb en las relaciones laborales donde exista trabajo a distancia. <strong>Se har\u00e1 siempre por escrito y con unos requisitos m\u00ednimos:<\/strong><\/span><\/p>\n<p class=\"tw-data-text tw-text-large XcVN5d tw-ta\" dir=\"ltr\" data-placeholder=\"Traducci\u00f3n\"><span class=\"Y2IQFc\" lang=\"es\">\u2022 Distribuci\u00f3n horaria y jornada en teletrabajo <\/span><\/p>\n<p class=\"tw-data-text tw-text-large XcVN5d tw-ta\" dir=\"ltr\" data-placeholder=\"Traducci\u00f3n\"><span class=\"Y2IQFc\" lang=\"es\">\u2022 Lugar desde donde se har\u00e1 el teletrabajo <\/span><\/p>\n<p class=\"tw-data-text tw-text-large XcVN5d tw-ta\" dir=\"ltr\" data-placeholder=\"Traducci\u00f3n\"><span class=\"Y2IQFc\" lang=\"es\">\u2022 Gesti\u00f3n de la protecci\u00f3n de datos de car\u00e1cter personal <\/span><\/p>\n<p class=\"tw-data-text tw-text-large XcVN5d tw-ta\" dir=\"ltr\" data-placeholder=\"Traducci\u00f3n\"><span class=\"Y2IQFc\" lang=\"es\">\u2022 Gesti\u00f3n del derecho a la desconexi\u00f3n digital<\/span><\/p>\n<p class=\"tw-data-text tw-text-large XcVN5d tw-ta\" dir=\"ltr\" data-placeholder=\"Traducci\u00f3n\"><span class=\"Y2IQFc\" lang=\"es\">\u2022 Prevenci\u00f3n de riesgos laborales sobre el nuevo puesto de trabajo <\/span><\/p>\n<p class=\"tw-data-text tw-text-large XcVN5d tw-ta\" dir=\"ltr\" data-placeholder=\"Traducci\u00f3n\"><span class=\"Y2IQFc\" lang=\"es\">\u2022 Per\u00edodo durante el cual se llevar\u00e1 a cabo el teletrabajo <\/span><\/p>\n<p class=\"tw-data-text tw-text-large XcVN5d tw-ta\" dir=\"ltr\" data-placeholder=\"Traducci\u00f3n\"><span class=\"Y2IQFc\" lang=\"es\">El teletrabajo es una opci\u00f3n que, <strong>en ning\u00fan caso es obligatoria y que por lo tanto requiere acuerdo de voluntades entre empresa y trabajador.<\/strong><\/span><\/p>\n<\/div>\n<pre id=\"tw-target-rmn\" class=\"tw-data-placeholder tw-text-small tw-ta\" dir=\"ltr\" data-placeholder=\"\"><\/pre>\n<div class=\"iYB33c\">\n<div class=\"dlJLJe\">\n<div data-cviv=\"false\" data-ved=\"2ahUKEwjKt4Cq9ZTzAhVB8uAKHeWmBZIQz_AEegQIAhAP\">\n<p class=\"U9URNb\"><strong><img loading=\"lazy\" decoding=\"async\" id=\"dimg_27\" class=\"rISBZc zr758c M4dUYb\" src=\"data:image\/png;base64,iVBORw0KGgoAAAANSUhEUgAAABQAAAAUCAQAAAAngNWGAAAA\/0lEQVR4AYXNMSiEcRyA4cfmGHQbCZIipkuxnJgMStlMNmeyD2dwmc8+sZgxYJd9ErIZFHUyYYD7fkr6l4\/rnvmtl7+KitrqV\/fq2Y5eLY3Z9S48eRLe7BmVZ9qhTLhQ0algzZWQOVKSsCF8OjAnwbxDTWFDUhPK\/jMr1H6HE\/IqRky2DyvCefuwItwZzodVoYRiLqMkVCXrwpJ9twZ+sgfDYEFYl8wIWxZ9uFf7zkallxlJh4YrLGsKjZRx7VGHhLqwgFUN45DGdb8MeXGpgB4ABZdeDcpZEY51A+hyLKz4S1W4MQWm3AibWtgWmk6dyISa1pSdyWTOlLXVp0+eL9D\/ZPfBTNanAAAAAElFTkSuQmCC\" alt=\"Icono de Validado por la comunidad\" width=\"16\" height=\"16\" data-atf=\"0\" data-frt=\"0\" \/><\/strong><\/p>\n<\/div>\n<\/div>\n<div id=\"tw-tmenu\" class=\"tw-menu\"><\/div>\n<\/div>\n<\/div>\n<\/div>\n<\/div>\n<\/div>\n<div id=\"tw-images\"><\/div>\n<div class=\"dURPtb\"><\/div>\n<div>\n<div><\/div>\n<\/div>\n<\/div>\n<\/div>\n<\/div>\n<div class=\"KFFQ0c xKf9F\"><\/div>\n","protected":false},"excerpt":{"rendered":"<p>El teletrabajo ya es una realidad y deja de estar vinculado a la Covid-19, y se hac\u00eda necesario un marco legal que organizara este tipo de relaciones laborales. La Ley del Teletrabajo (Ley 10\/2021) regula estos tipos de relaciones laborales y obliga a las partes a formalizar un documento que preserve los derechos y obligaciones &#8230;<\/p>\n","protected":false},"author":4,"featured_media":0,"comment_status":"open","ping_status":"closed","sticky":false,"template":"","format":"standard","meta":{"_monsterinsights_skip_tracking":false,"_monsterinsights_sitenote_active":false,"_monsterinsights_sitenote_note":"","_monsterinsights_sitenote_category":0,"footnotes":""},"categories":[107],"tags":[889,890,891],"class_list":["post-8366","post","type-post","status-publish","format-standard","hentry","category-asesoria-y-gestion-laboral","tag-ley-del-teletrabajo","tag-requisitos-minimos","tag-tipo-de-relaciones-laborales"],"_links":{"self":[{"href":"https:\/\/www.afisec.com\/es\/wp-json\/wp\/v2\/posts\/8366","targetHints":{"allow":["GET"]}}],"collection":[{"href":"https:\/\/www.afisec.com\/es\/wp-json\/wp\/v2\/posts"}],"about":[{"href":"https:\/\/www.afisec.com\/es\/wp-json\/wp\/v2\/types\/post"}],"author":[{"embeddable":true,"href":"https:\/\/www.afisec.com\/es\/wp-json\/wp\/v2\/users\/4"}],"replies":[{"embeddable":true,"href":"https:\/\/www.afisec.com\/es\/wp-json\/wp\/v2\/comments?post=8366"}],"version-history":[{"count":2,"href":"https:\/\/www.afisec.com\/es\/wp-json\/wp\/v2\/posts\/8366\/revisions"}],"predecessor-version":[{"id":8368,"href":"https:\/\/www.afisec.com\/es\/wp-json\/wp\/v2\/posts\/8366\/revisions\/8368"}],"wp:attachment":[{"href":"https:\/\/www.afisec.com\/es\/wp-json\/wp\/v2\/media?parent=8366"}],"wp:term":[{"taxonomy":"category","embeddable":true,"href":"https:\/\/www.afisec.com\/es\/wp-json\/wp\/v2\/categories?post=8366"},{"taxonomy":"post_tag","embeddable":true,"href":"https:\/\/www.afisec.com\/es\/wp-json\/wp\/v2\/tags?post=8366"}],"curies":[{"name":"wp","href":"https:\/\/api.w.org\/{rel}","templated":true}]}}