{"id":8429,"date":"2021-11-03T17:12:09","date_gmt":"2021-11-03T16:12:09","guid":{"rendered":"http:\/\/www.afisec.com\/es\/?p=8429"},"modified":"2021-12-02T17:26:01","modified_gmt":"2021-12-02T16:26:01","slug":"laboral-plan-estrategico-de-la-inspeccion-de-trabajo","status":"publish","type":"post","link":"https:\/\/www.afisec.com\/es\/laboral-plan-estrategico-de-la-inspeccion-de-trabajo\/","title":{"rendered":"LABORAL . Plan estrat\u00e9gico de la Inspecci\u00f3n de Trabajo"},"content":{"rendered":"<h5 dir=\"ltr\" data-placeholder=\"Traducci\u00f3n\"><img loading=\"lazy\" decoding=\"async\" class=\"alignnone size-full wp-image-8400\" src=\"http:\/\/www.afisec.com\/wp-content\/uploads\/FOTO-LABORAL-31.jpg\" alt=\"\" width=\"200\" height=\"270\" \/><\/h5>\n<h5 id=\"tw-target-text\" class=\"tw-data-text tw-text-large tw-ta\" dir=\"ltr\" data-placeholder=\"Traducci\u00f3n\"><strong><span class=\"Y2IQFc\" lang=\"es\">El Ministerio de Trabajo y Econom\u00eda Social hace p\u00fablico el nuevo Plan Estrat\u00e9gico 2021-2023 de la Inspecci\u00f3n de Trabajo con el objetivo de evitar cualquier tipo de irregularidad laboral y mejorar las condiciones en el trabajo como l\u00ednea b\u00e1sica de actuaci\u00f3n.<\/span><\/strong><\/h5>\n<p><span class=\"Y2IQFc\" lang=\"es\">Las tres cuestiones claves del nuevo Plan de Inspecci\u00f3n de Trabajo son: <\/span><\/p>\n<p><strong><span class=\"Y2IQFc\" lang=\"es\">\u2022 La revisi\u00f3n de los expedientes de regulaci\u00f3n temporal de empleo para evitar fraudes <\/span><\/strong><\/p>\n<p><strong><span class=\"Y2IQFc\" lang=\"es\">\u2022 El control del cumplimiento de la normativa en relaci\u00f3n con el teletrabajo <\/span><\/strong><\/p>\n<p><strong><span class=\"Y2IQFc\" lang=\"es\">\u2022 La vigilancia y control del cumplimiento normativo sobre pol\u00edticas de igualdad <\/span><\/strong><\/p>\n<p><span class=\"Y2IQFc\" lang=\"es\"> Aunque estas son las l\u00edneas m\u00e1s destacadas, tambi\u00e9n se incluye en el plan estrat\u00e9gico:<\/span><\/p>\n<p><span class=\"Y2IQFc\" lang=\"es\">\u2022 Comprobaci\u00f3n de protocolos adoptados en la empresa en materia de <strong>prevenci\u00f3n de riesgos derivados de la COVID-19 <\/strong><\/span><\/p>\n<p><span class=\"Y2IQFc\" lang=\"es\">\u2022 Vigilancia en la aplicaci\u00f3n de la normativa relacionada con <strong>prevenci\u00f3n de riesgos laborales <\/strong><\/span><\/p>\n<p><span class=\"Y2IQFc\" lang=\"es\">\u2022 Revisi\u00f3n de <strong>contratos temporales y a tiempo parcial <\/strong><\/span><\/p>\n<p><span class=\"Y2IQFc\" lang=\"es\">\u2022 Control de <strong>falsos aut\u00f3nomos, becarios y trabajadores extranjeros <\/strong><\/span><\/p>\n<p><span class=\"Y2IQFc\" lang=\"es\">\u2022 Control de <strong>salarios en trabajadores del hogar<\/strong><\/span><\/p>\n","protected":false},"excerpt":{"rendered":"<p>El Ministerio de Trabajo y Econom\u00eda Social hace p\u00fablico el nuevo Plan Estrat\u00e9gico 2021-2023 de la Inspecci\u00f3n de Trabajo con el objetivo de evitar cualquier tipo de irregularidad laboral y mejorar las condiciones en el trabajo como l\u00ednea b\u00e1sica de actuaci\u00f3n. Las tres cuestiones claves del nuevo Plan de Inspecci\u00f3n de Trabajo son: \u2022 La &#8230;<\/p>\n","protected":false},"author":4,"featured_media":0,"comment_status":"open","ping_status":"closed","sticky":false,"template":"","format":"standard","meta":{"_monsterinsights_skip_tracking":false,"_monsterinsights_sitenote_active":false,"_monsterinsights_sitenote_note":"","_monsterinsights_sitenote_category":0,"footnotes":""},"categories":[107],"tags":[601,918,919],"class_list":["post-8429","post","type-post","status-publish","format-standard","hentry","category-asesoria-y-gestion-laboral","tag-inspeccion-de-trabajo","tag-irregularidad-laboral","tag-plan-estrategico"],"_links":{"self":[{"href":"https:\/\/www.afisec.com\/es\/wp-json\/wp\/v2\/posts\/8429","targetHints":{"allow":["GET"]}}],"collection":[{"href":"https:\/\/www.afisec.com\/es\/wp-json\/wp\/v2\/posts"}],"about":[{"href":"https:\/\/www.afisec.com\/es\/wp-json\/wp\/v2\/types\/post"}],"author":[{"embeddable":true,"href":"https:\/\/www.afisec.com\/es\/wp-json\/wp\/v2\/users\/4"}],"replies":[{"embeddable":true,"href":"https:\/\/www.afisec.com\/es\/wp-json\/wp\/v2\/comments?post=8429"}],"version-history":[{"count":2,"href":"https:\/\/www.afisec.com\/es\/wp-json\/wp\/v2\/posts\/8429\/revisions"}],"predecessor-version":[{"id":8431,"href":"https:\/\/www.afisec.com\/es\/wp-json\/wp\/v2\/posts\/8429\/revisions\/8431"}],"wp:attachment":[{"href":"https:\/\/www.afisec.com\/es\/wp-json\/wp\/v2\/media?parent=8429"}],"wp:term":[{"taxonomy":"category","embeddable":true,"href":"https:\/\/www.afisec.com\/es\/wp-json\/wp\/v2\/categories?post=8429"},{"taxonomy":"post_tag","embeddable":true,"href":"https:\/\/www.afisec.com\/es\/wp-json\/wp\/v2\/tags?post=8429"}],"curies":[{"name":"wp","href":"https:\/\/api.w.org\/{rel}","templated":true}]}}