{"id":8699,"date":"2022-07-08T17:26:34","date_gmt":"2022-07-08T15:26:34","guid":{"rendered":"http:\/\/www.afisec.com\/es\/?p=8699"},"modified":"2022-07-21T17:41:59","modified_gmt":"2022-07-21T15:41:59","slug":"laboral-autonomos-cotizacion-por-tramos-a-partir-de-2023","status":"publish","type":"post","link":"https:\/\/www.afisec.com\/es\/laboral-autonomos-cotizacion-por-tramos-a-partir-de-2023\/","title":{"rendered":"LABORAL. Aut\u00f3nomos: cotizaci\u00f3n por tramos a partir de 2023"},"content":{"rendered":"<h5 dir=\"ltr\" data-placeholder=\"Traducci\u00f3n\"><img loading=\"lazy\" decoding=\"async\" class=\"alignnone size-full wp-image-8689\" src=\"http:\/\/www.afisec.com\/wp-content\/uploads\/FOTO-LABORAL-39.jpg\" alt=\"\" width=\"200\" height=\"270\" \/><\/h5>\n<h5 id=\"tw-target-text\" class=\"tw-data-text tw-text-large tw-ta\" dir=\"ltr\" data-placeholder=\"Traducci\u00f3n\"><strong><span class=\"Y2IQFc\" lang=\"es\">El gobierno ha presentado al colectivo de aut\u00f3nomos una nueva propuesta que contempla la cotizaci\u00f3n por tramos en funci\u00f3n de sus ingresos.<\/span><\/strong><\/h5>\n<p id=\"tw-target-text\" class=\"tw-data-text tw-text-large tw-ta\" dir=\"ltr\" data-placeholder=\"Traducci\u00f3n\"><span class=\"Y2IQFc\" lang=\"es\">La propuesta se basa en 15 tramos, con una<strong> cuota base m\u00ednima de 245 euros<\/strong> (por ingresos netos inferiores a 670 euros), y <strong>hasta los 500 euros<\/strong> para aquellos trabajadores por cuenta propia con ingresos netos superiores a 6.000 euros. <\/span><\/p>\n<p class=\"tw-data-text tw-text-large tw-ta\" dir=\"ltr\" data-placeholder=\"Traducci\u00f3n\"><span class=\"Y2IQFc\" lang=\"es\">La modificaci\u00f3n del sistema de cotizaci\u00f3n ser\u00eda <strong>a partir de enero de 2023 y se realizar\u00e1 de forma progresiva hasta 2025.<\/strong> Este cambio en el sistema supondr\u00e1 una bajada de la cuota m\u00ednima (tambi\u00e9n de forma progresiva hasta 2025) y que <strong>en 2023 supondr\u00e1 una reducci\u00f3n mensual de unos 50 euros.<\/strong><\/span><\/p>\n","protected":false},"excerpt":{"rendered":"<p>El gobierno ha presentado al colectivo de aut\u00f3nomos una nueva propuesta que contempla la cotizaci\u00f3n por tramos en funci\u00f3n de sus ingresos. La propuesta se basa en 15 tramos, con una cuota base m\u00ednima de 245 euros (por ingresos netos inferiores a 670 euros), y hasta los 500 euros para aquellos trabajadores por cuenta propia &#8230;<\/p>\n","protected":false},"author":4,"featured_media":0,"comment_status":"open","ping_status":"closed","sticky":false,"template":"","format":"standard","meta":{"_monsterinsights_skip_tracking":false,"_monsterinsights_sitenote_active":false,"_monsterinsights_sitenote_note":"","_monsterinsights_sitenote_category":0,"footnotes":""},"categories":[107],"tags":[1018,377,1026],"class_list":["post-8699","post","type-post","status-publish","format-standard","hentry","category-asesoria-y-gestion-laboral","tag-1018","tag-autonomos","tag-cotizacion-por-tramos"],"_links":{"self":[{"href":"https:\/\/www.afisec.com\/es\/wp-json\/wp\/v2\/posts\/8699","targetHints":{"allow":["GET"]}}],"collection":[{"href":"https:\/\/www.afisec.com\/es\/wp-json\/wp\/v2\/posts"}],"about":[{"href":"https:\/\/www.afisec.com\/es\/wp-json\/wp\/v2\/types\/post"}],"author":[{"embeddable":true,"href":"https:\/\/www.afisec.com\/es\/wp-json\/wp\/v2\/users\/4"}],"replies":[{"embeddable":true,"href":"https:\/\/www.afisec.com\/es\/wp-json\/wp\/v2\/comments?post=8699"}],"version-history":[{"count":1,"href":"https:\/\/www.afisec.com\/es\/wp-json\/wp\/v2\/posts\/8699\/revisions"}],"predecessor-version":[{"id":8700,"href":"https:\/\/www.afisec.com\/es\/wp-json\/wp\/v2\/posts\/8699\/revisions\/8700"}],"wp:attachment":[{"href":"https:\/\/www.afisec.com\/es\/wp-json\/wp\/v2\/media?parent=8699"}],"wp:term":[{"taxonomy":"category","embeddable":true,"href":"https:\/\/www.afisec.com\/es\/wp-json\/wp\/v2\/categories?post=8699"},{"taxonomy":"post_tag","embeddable":true,"href":"https:\/\/www.afisec.com\/es\/wp-json\/wp\/v2\/tags?post=8699"}],"curies":[{"name":"wp","href":"https:\/\/api.w.org\/{rel}","templated":true}]}}