{"id":8703,"date":"2022-07-08T09:04:41","date_gmt":"2022-07-08T07:04:41","guid":{"rendered":"http:\/\/www.afisec.com\/es\/?p=8703"},"modified":"2022-08-24T09:17:38","modified_gmt":"2022-08-24T07:17:38","slug":"contable-como-contabilizar-la-factura-del-combustible","status":"publish","type":"post","link":"https:\/\/www.afisec.com\/es\/contable-como-contabilizar-la-factura-del-combustible\/","title":{"rendered":"CONTABLE. \u00bfC\u00f3mo contabilizar la factura del combustible?"},"content":{"rendered":"<h5 dir=\"ltr\" data-placeholder=\"Traducci\u00f3n\"><img loading=\"lazy\" decoding=\"async\" class=\"alignnone size-full wp-image-8690\" src=\"http:\/\/www.afisec.com\/wp-content\/uploads\/FOTO-COMPTABLE-29.jpg\" alt=\"\" width=\"200\" height=\"270\" \/><\/h5>\n<h5 id=\"tw-target-text\" class=\"tw-data-text tw-text-large tw-ta\" dir=\"ltr\" data-placeholder=\"Traducci\u00f3n\"><strong><span class=\"Y2IQFc\" lang=\"es\">Una de las principales dudas que se plantean los aut\u00f3nomos que utilizan un veh\u00edculo en el desarrollo de su actividad es c\u00f3mo se contabilizan los gastos de combustible.<\/span><\/strong><\/h5>\n<p id=\"tw-target-text\" class=\"tw-data-text tw-text-large tw-ta\" dir=\"ltr\" data-placeholder=\"Traducci\u00f3n\"><span class=\"Y2IQFc\" lang=\"es\">A la hora de llevar a cabo la contabilidad de una factura de combustible es necesario tener en cuenta el uso que se hace del veh\u00edculo de empresa para poder deducir los gastos de gasolina. Nos podemos encontrar con dos posibilidades:<\/span><\/p>\n<p class=\"tw-data-text tw-text-large tw-ta\" dir=\"ltr\" data-placeholder=\"Traducci\u00f3n\"><span class=\"Y2IQFc\" lang=\"es\"> \u2022 Que el <strong>veh\u00edculo se utilice de forma \u00fanica y exclusiva<\/strong> para llevar a cabo la actividad de la empresa. En ese caso, la deducci\u00f3n del IVA ser\u00e1 del 100%. <\/span><\/p>\n<p class=\"tw-data-text tw-text-large tw-ta\" dir=\"ltr\" data-placeholder=\"Traducci\u00f3n\"><span class=\"Y2IQFc\" lang=\"es\">\u2022 Que, adem\u00e1s de usar el veh\u00edculo para prestar servicios, <strong>se utilice de forma habitual para su inter\u00e9s<\/strong>. En este supuesto, al dar al veh\u00edculo un uso no relacionado directamente con la actividad de la empresa, soportar\u00e1 el 50% del IVA y el otro 50% s\u00ed podr\u00e1 deducirse como gasto. Adem\u00e1s, es <strong>imprescindible que en la factura consten todos los datos fiscales del emisor y receptor y la matricula del veh\u00edculo.<\/strong><\/span><\/p>\n","protected":false},"excerpt":{"rendered":"<p>Una de las principales dudas que se plantean los aut\u00f3nomos que utilizan un veh\u00edculo en el desarrollo de su actividad es c\u00f3mo se contabilizan los gastos de combustible. A la hora de llevar a cabo la contabilidad de una factura de combustible es necesario tener en cuenta el uso que se hace del veh\u00edculo de &#8230;<\/p>\n","protected":false},"author":4,"featured_media":0,"comment_status":"open","ping_status":"closed","sticky":false,"template":"","format":"standard","meta":{"_monsterinsights_skip_tracking":false,"_monsterinsights_sitenote_active":false,"_monsterinsights_sitenote_note":"","_monsterinsights_sitenote_category":0,"footnotes":""},"categories":[105],"tags":[377,1027],"class_list":["post-8703","post","type-post","status-publish","format-standard","hentry","category-asesoria-contable-y-administrativa","tag-autonomos","tag-factura-de-combustible"],"_links":{"self":[{"href":"https:\/\/www.afisec.com\/es\/wp-json\/wp\/v2\/posts\/8703","targetHints":{"allow":["GET"]}}],"collection":[{"href":"https:\/\/www.afisec.com\/es\/wp-json\/wp\/v2\/posts"}],"about":[{"href":"https:\/\/www.afisec.com\/es\/wp-json\/wp\/v2\/types\/post"}],"author":[{"embeddable":true,"href":"https:\/\/www.afisec.com\/es\/wp-json\/wp\/v2\/users\/4"}],"replies":[{"embeddable":true,"href":"https:\/\/www.afisec.com\/es\/wp-json\/wp\/v2\/comments?post=8703"}],"version-history":[{"count":1,"href":"https:\/\/www.afisec.com\/es\/wp-json\/wp\/v2\/posts\/8703\/revisions"}],"predecessor-version":[{"id":8704,"href":"https:\/\/www.afisec.com\/es\/wp-json\/wp\/v2\/posts\/8703\/revisions\/8704"}],"wp:attachment":[{"href":"https:\/\/www.afisec.com\/es\/wp-json\/wp\/v2\/media?parent=8703"}],"wp:term":[{"taxonomy":"category","embeddable":true,"href":"https:\/\/www.afisec.com\/es\/wp-json\/wp\/v2\/categories?post=8703"},{"taxonomy":"post_tag","embeddable":true,"href":"https:\/\/www.afisec.com\/es\/wp-json\/wp\/v2\/tags?post=8703"}],"curies":[{"name":"wp","href":"https:\/\/api.w.org\/{rel}","templated":true}]}}