{"id":8858,"date":"2022-12-01T11:26:59","date_gmt":"2022-12-01T10:26:59","guid":{"rendered":"http:\/\/www.afisec.com\/es\/?p=8858"},"modified":"2022-12-09T11:38:10","modified_gmt":"2022-12-09T10:38:10","slug":"mercantil-el-31-de-diciembre-finaliza-la-moratoria-societaria-de-disolucion-por-perdidas","status":"publish","type":"post","link":"https:\/\/www.afisec.com\/es\/mercantil-el-31-de-diciembre-finaliza-la-moratoria-societaria-de-disolucion-por-perdidas\/","title":{"rendered":"MERCANTIL. El 31 de diciembre finaliza la moratoria societaria de disoluci\u00f3n por p\u00e9rdidas"},"content":{"rendered":"<p><img loading=\"lazy\" decoding=\"async\" class=\"alignnone size-full wp-image-8841\" src=\"http:\/\/www.afisec.com\/wp-content\/uploads\/IMATGE-MERCANTIL.png\" alt=\"\" width=\"200\" height=\"271\" \/><\/p>\n<p>&nbsp;<\/p>\n<h5 id=\"tw-target-text\" class=\"tw-data-text tw-text-large tw-ta\" dir=\"ltr\" data-placeholder=\"Traducci\u00f3n\"><strong><span class=\"Y2IQFc\" lang=\"es\">El art\u00edculo 13 de la Ley 3\/2020 preve\u00eda la suspensi\u00f3n temporal para los ejercicios 2020 a 2022 de las causas de disoluci\u00f3n de las compa\u00f1\u00edas que por p\u00e9rdidas hayan dejado reducido el patrimonio neto a menos de la mitad de su capital social y se vuelve a activar el r\u00e9gimen de responsabilidad de los administradores.<\/span><\/strong><\/h5>\n<p>&nbsp;<\/p>\n<p id=\"tw-target-text\" class=\"tw-data-text tw-text-large tw-ta\" dir=\"ltr\" data-placeholder=\"Traducci\u00f3n\"><span class=\"Y2IQFc\" lang=\"es\">El art\u00edculo 363.1.e) de la Ley de Sociedades de Capital (LSC) establece que <strong>la sociedad deber\u00e1 disolverse<\/strong> \u201cpor p\u00e9rdidas que dejen reducido el patrimonio neto a una cantidad inferior a la mitad del capital social, salvo que \u00e9ste se aumente o se reduzca en la medida suficiente, y siempre que no sea procedente solicitar la declaraci\u00f3n de concurso\u201d. <\/span><\/p>\n<p class=\"tw-data-text tw-text-large tw-ta\" dir=\"ltr\" data-placeholder=\"Traducci\u00f3n\"><span class=\"Y2IQFc\" lang=\"es\">Por tanto, la sociedad<strong> podr\u00e1 o aumentar el capital social o disminuirlo para compensar p\u00e9rdidas<\/strong>, si puede; o disolver definitivamente la compa\u00f1\u00eda. En caso de incumplimiento de estos deberes la LSC prev\u00e9 en su art\u00edculo 367 la responsabilidad solidaria de los administradores. <\/span><\/p>\n<p dir=\"ltr\" data-placeholder=\"Traducci\u00f3n\"><span style=\"color: #5e7598;\"><a style=\"color: #5e7598;\" href=\"https:\/\/afisec.us8.list-manage.com\/track\/click?u=3760b252ee17c832314216625&amp;id=0a8d511fc5&amp;e=a359679b75\"><strong>M\u00e1s informaci\u00f3n<\/strong><\/a><\/span><\/p>\n","protected":false},"excerpt":{"rendered":"<p>&nbsp; El art\u00edculo 13 de la Ley 3\/2020 preve\u00eda la suspensi\u00f3n temporal para los ejercicios 2020 a 2022 de las causas de disoluci\u00f3n de las compa\u00f1\u00edas que por p\u00e9rdidas hayan dejado reducido el patrimonio neto a menos de la mitad de su capital social y se vuelve a activar el r\u00e9gimen de responsabilidad de los &#8230;<\/p>\n","protected":false},"author":4,"featured_media":0,"comment_status":"open","ping_status":"closed","sticky":false,"template":"","format":"standard","meta":{"_monsterinsights_skip_tracking":false,"_monsterinsights_sitenote_active":false,"_monsterinsights_sitenote_note":"","_monsterinsights_sitenote_category":0,"footnotes":""},"categories":[108],"tags":[1087,819,1081],"class_list":["post-8858","post","type-post","status-publish","format-standard","hentry","category-asesoria-y-gestion-mercantil","tag-disolucion-sociedades","tag-ley-de-sociedades-de-capital","tag-lsc"],"_links":{"self":[{"href":"https:\/\/www.afisec.com\/es\/wp-json\/wp\/v2\/posts\/8858","targetHints":{"allow":["GET"]}}],"collection":[{"href":"https:\/\/www.afisec.com\/es\/wp-json\/wp\/v2\/posts"}],"about":[{"href":"https:\/\/www.afisec.com\/es\/wp-json\/wp\/v2\/types\/post"}],"author":[{"embeddable":true,"href":"https:\/\/www.afisec.com\/es\/wp-json\/wp\/v2\/users\/4"}],"replies":[{"embeddable":true,"href":"https:\/\/www.afisec.com\/es\/wp-json\/wp\/v2\/comments?post=8858"}],"version-history":[{"count":1,"href":"https:\/\/www.afisec.com\/es\/wp-json\/wp\/v2\/posts\/8858\/revisions"}],"predecessor-version":[{"id":8859,"href":"https:\/\/www.afisec.com\/es\/wp-json\/wp\/v2\/posts\/8858\/revisions\/8859"}],"wp:attachment":[{"href":"https:\/\/www.afisec.com\/es\/wp-json\/wp\/v2\/media?parent=8858"}],"wp:term":[{"taxonomy":"category","embeddable":true,"href":"https:\/\/www.afisec.com\/es\/wp-json\/wp\/v2\/categories?post=8858"},{"taxonomy":"post_tag","embeddable":true,"href":"https:\/\/www.afisec.com\/es\/wp-json\/wp\/v2\/tags?post=8858"}],"curies":[{"name":"wp","href":"https:\/\/api.w.org\/{rel}","templated":true}]}}