{"id":9135,"date":"2023-12-13T16:44:29","date_gmt":"2023-12-13T15:44:29","guid":{"rendered":"http:\/\/www.afisec.com\/es\/?p=9135"},"modified":"2023-12-18T16:57:09","modified_gmt":"2023-12-18T15:57:09","slug":"mercantil-la-responsabilidad-de-los-administradores-por-deudas-sociales-ya-no-prescribe-a-los-cuatro-anos","status":"publish","type":"post","link":"https:\/\/www.afisec.com\/es\/mercantil-la-responsabilidad-de-los-administradores-por-deudas-sociales-ya-no-prescribe-a-los-cuatro-anos\/","title":{"rendered":"MERCANTIL. La responsabilidad de los administradores por deudas sociales ya no prescribe a los cuatro a\u00f1os"},"content":{"rendered":"<h5 dir=\"ltr\" data-placeholder=\"Traducci\u00f3n\" data-ved=\"2ahUKEwjejeSnpZmDAxXcTKQEHaxeBZMQ3ewLegQIBRAQ\"><img loading=\"lazy\" decoding=\"async\" class=\"alignnone size-full wp-image-9125\" src=\"http:\/\/www.afisec.com\/wp-content\/uploads\/FOTO-MERCANTIL-14.jpg\" alt=\"\" width=\"200\" height=\"270\" \/><\/h5>\n<h5 id=\"tw-target-text\" class=\"tw-data-text tw-text-large tw-ta\" dir=\"ltr\" data-placeholder=\"Traducci\u00f3n\" data-ved=\"2ahUKEwjejeSnpZmDAxXcTKQEHaxeBZMQ3ewLegQIBRAQ\"><strong><span class=\"Y2IQFc\" lang=\"es\">El Tribunal Supremo justifica este nuevo criterio y explica que la voluntad de la ley es colocar al administrador en una posici\u00f3n de garante personal.<\/span><\/strong><\/h5>\n<p id=\"tw-target-text\" class=\"tw-data-text tw-text-large tw-ta\" dir=\"ltr\" data-placeholder=\"Traducci\u00f3n\" data-ved=\"2ahUKEwjejeSnpZmDAxXcTKQEHaxeBZMQ3ewLegQIBRAQ\"><span class=\"Y2IQFc\" lang=\"es\">El Tribunal Supremo (TS) ha resuelto recientemente que las acciones de responsabilidad frente a los administradores por deudas sociales <strong>no est\u00e1n sometidas al plazo general y com\u00fan de prescripci\u00f3n de cuatro a\u00f1os, sino que prescriben en funci\u00f3n de la naturaleza de la deuda en cuesti\u00f3n.<\/strong><\/span><\/p>\n<p class=\"tw-data-text tw-text-large tw-ta\" dir=\"ltr\" data-placeholder=\"Traducci\u00f3n\" data-ved=\"2ahUKEwjejeSnpZmDAxXcTKQEHaxeBZMQ3ewLegQIBRAQ\"><span class=\"Y2IQFc\" lang=\"es\">Esta nueva sentencia del TS tendr\u00e1 importantes implicaciones pr\u00e1cticas, tanto para <strong>administradores sociales susceptibles de ser demandados, como para terceros acreedores<\/strong> que se planteen iniciar acciones de responsabilidad por deudas sociales.<\/span><\/p>\n<p dir=\"ltr\" data-placeholder=\"Traducci\u00f3n\" data-ved=\"2ahUKEwjejeSnpZmDAxXcTKQEHaxeBZMQ3ewLegQIBRAQ\"><a href=\"https:\/\/afisec.us8.list-manage.com\/track\/click?u=3760b252ee17c832314216625&amp;id=23085665fb&amp;e=971d304ca3\"><strong>M\u00e1s informaci\u00f3n<\/strong><\/a><\/p>\n<p dir=\"ltr\" data-placeholder=\"Traducci\u00f3n\" data-ved=\"2ahUKEwjejeSnpZmDAxXcTKQEHaxeBZMQ3ewLegQIBRAQ\">\n","protected":false},"excerpt":{"rendered":"<p>El Tribunal Supremo justifica este nuevo criterio y explica que la voluntad de la ley es colocar al administrador en una posici\u00f3n de garante personal. El Tribunal Supremo (TS) ha resuelto recientemente que las acciones de responsabilidad frente a los administradores por deudas sociales no est\u00e1n sometidas al plazo general y com\u00fan de prescripci\u00f3n de &#8230;<\/p>\n","protected":false},"author":4,"featured_media":0,"comment_status":"open","ping_status":"closed","sticky":false,"template":"","format":"standard","meta":{"_monsterinsights_skip_tracking":false,"_monsterinsights_sitenote_active":false,"_monsterinsights_sitenote_note":"","_monsterinsights_sitenote_category":0,"footnotes":""},"categories":[108],"tags":[1235,1234],"class_list":["post-9135","post","type-post","status-publish","format-standard","hentry","category-asesoria-y-gestion-mercantil","tag-deudas-sociales","tag-responsabilidad-de-los-administradores"],"_links":{"self":[{"href":"https:\/\/www.afisec.com\/es\/wp-json\/wp\/v2\/posts\/9135","targetHints":{"allow":["GET"]}}],"collection":[{"href":"https:\/\/www.afisec.com\/es\/wp-json\/wp\/v2\/posts"}],"about":[{"href":"https:\/\/www.afisec.com\/es\/wp-json\/wp\/v2\/types\/post"}],"author":[{"embeddable":true,"href":"https:\/\/www.afisec.com\/es\/wp-json\/wp\/v2\/users\/4"}],"replies":[{"embeddable":true,"href":"https:\/\/www.afisec.com\/es\/wp-json\/wp\/v2\/comments?post=9135"}],"version-history":[{"count":1,"href":"https:\/\/www.afisec.com\/es\/wp-json\/wp\/v2\/posts\/9135\/revisions"}],"predecessor-version":[{"id":9136,"href":"https:\/\/www.afisec.com\/es\/wp-json\/wp\/v2\/posts\/9135\/revisions\/9136"}],"wp:attachment":[{"href":"https:\/\/www.afisec.com\/es\/wp-json\/wp\/v2\/media?parent=9135"}],"wp:term":[{"taxonomy":"category","embeddable":true,"href":"https:\/\/www.afisec.com\/es\/wp-json\/wp\/v2\/categories?post=9135"},{"taxonomy":"post_tag","embeddable":true,"href":"https:\/\/www.afisec.com\/es\/wp-json\/wp\/v2\/tags?post=9135"}],"curies":[{"name":"wp","href":"https:\/\/api.w.org\/{rel}","templated":true}]}}