{"id":9282,"date":"2024-04-09T17:02:24","date_gmt":"2024-04-09T15:02:24","guid":{"rendered":"http:\/\/www.afisec.com\/es\/?p=9282"},"modified":"2024-05-30T17:15:22","modified_gmt":"2024-05-30T15:15:22","slug":"mercantil-cuentas-anuales-plazos","status":"publish","type":"post","link":"https:\/\/www.afisec.com\/es\/mercantil-cuentas-anuales-plazos\/","title":{"rendered":"MERCANTIL. Cuentas anuales: plazos"},"content":{"rendered":"<p><img loading=\"lazy\" decoding=\"async\" class=\"size-full wp-image-9251\" src=\"http:\/\/www.afisec.com\/wp-content\/uploads\/FOTO-MERCANTIL-17.jpg\" alt=\"\" width=\"200\" height=\"270\" \/><\/p>\n<h5><strong><span class=\"Y2IQFc\" lang=\"es\">Dentro de las obligaciones que las empresas deben hacer frente al cierre del ejercicio econ\u00f3mico, se encuentran: la formulaci\u00f3n, aprobaci\u00f3n y dep\u00f3sito de las cuentas anuales en el Registro Mercantil para los administradores de sociedades an\u00f3nimas; de responsabilidad limitada, comanditarias por acciones y de garant\u00eda rec\u00edproca, fondos de pensiones y, en general, cualquier empresario obligado a dar publicidad a las cuentas anuales.<\/span><\/strong><\/h5>\n<p id=\"tw-target-text\" class=\"tw-data-text tw-text-large tw-ta\" dir=\"ltr\" data-placeholder=\"Traducci\u00f3\" aria-label=\"Text tradu\u00eft\" data-ved=\"2ahUKEwiqlcq9zbWGAxXiUaQEHTCmAg0Q3ewLegQIBRAU\"><span class=\"Y2IQFc\" lang=\"es\">Estas obligaciones est\u00e1n compuestas por el balance de situaci\u00f3n, la cuenta de p\u00e9rdidas y ganancias, el estado de cambios en el patrimonio neto del ejercicio, el estado de flujos defectivo y la memoria. <\/span><\/p>\n<p class=\"tw-data-text tw-text-large tw-ta\" dir=\"ltr\" data-placeholder=\"Traducci\u00f3\" aria-label=\"Text tradu\u00eft\" data-ved=\"2ahUKEwiqlcq9zbWGAxXiUaQEHTCmAg0Q3ewLegQIBRAU\"><strong><span class=\"Y2IQFc\" lang=\"es\" style=\"color: #5e7598;\">Plazos a tener en cuenta <\/span><\/strong><\/p>\n<p class=\"tw-data-text tw-text-large tw-ta\" dir=\"ltr\" data-placeholder=\"Traducci\u00f3\" aria-label=\"Text tradu\u00eft\" data-ved=\"2ahUKEwiqlcq9zbWGAxXiUaQEHTCmAg0Q3ewLegQIBRAU\"><span class=\"Y2IQFc\" lang=\"es\">\u2022 <strong>La formulaci\u00f3n de las cuentas anuales<\/strong> se realizar\u00e1 dentro de los tres meses siguientes al cierre del ejercicio econ\u00f3mico, hasta el <strong>31 de marzo de cada a\u00f1o. <\/strong><\/span><\/p>\n<p class=\"tw-data-text tw-text-large tw-ta\" dir=\"ltr\" data-placeholder=\"Traducci\u00f3\" aria-label=\"Text tradu\u00eft\" data-ved=\"2ahUKEwiqlcq9zbWGAxXiUaQEHTCmAg0Q3ewLegQIBRAU\"><span class=\"Y2IQFc\" lang=\"es\">\u2022 <strong>La aprobaci\u00f3n de las cuentas anuales<\/strong> se realizar\u00e1 dentro de los seis meses siguientes al cierre del ejercicio econ\u00f3mico, hasta el <strong>30 de junio de cada a\u00f1o. <\/strong><\/span><\/p>\n<p class=\"tw-data-text tw-text-large tw-ta\" dir=\"ltr\" data-placeholder=\"Traducci\u00f3\" aria-label=\"Text tradu\u00eft\" data-ved=\"2ahUKEwiqlcq9zbWGAxXiUaQEHTCmAg0Q3ewLegQIBRAU\"><span class=\"Y2IQFc\" lang=\"es\">\u2022 <strong>El dep\u00f3sito<\/strong> se realizar\u00e1 dentro del mes siguiente a la aprobaci\u00f3n de las cuentas y se realizar\u00e1 por los administradores de la sociedad en el Registro Mercantil del domicilio social. Por tanto, teniendo en cuenta que esta aprobaci\u00f3n debe producirse dentro de los seis meses siguientes al cierre del ejercicio econ\u00f3mico, el dep\u00f3sito se realizar\u00e1 con fecha m\u00e1xima del <strong>31 de julio de cada a\u00f1o.<\/strong><\/span><\/p>\n","protected":false},"excerpt":{"rendered":"<p>Dentro de las obligaciones que las empresas deben hacer frente al cierre del ejercicio econ\u00f3mico, se encuentran: la formulaci\u00f3n, aprobaci\u00f3n y dep\u00f3sito de las cuentas anuales en el Registro Mercantil para los administradores de sociedades an\u00f3nimas; de responsabilidad limitada, comanditarias por acciones y de garant\u00eda rec\u00edproca, fondos de pensiones y, en general, cualquier empresario obligado &#8230;<\/p>\n","protected":false},"author":4,"featured_media":0,"comment_status":"open","ping_status":"closed","sticky":false,"template":"","format":"standard","meta":{"_monsterinsights_skip_tracking":false,"_monsterinsights_sitenote_active":false,"_monsterinsights_sitenote_note":"","_monsterinsights_sitenote_category":0,"footnotes":""},"categories":[108],"tags":[460,459],"class_list":["post-9282","post","type-post","status-publish","format-standard","hentry","category-asesoria-y-gestion-mercantil","tag-cuentas-anuales","tag-registro-mercantil"],"_links":{"self":[{"href":"https:\/\/www.afisec.com\/es\/wp-json\/wp\/v2\/posts\/9282","targetHints":{"allow":["GET"]}}],"collection":[{"href":"https:\/\/www.afisec.com\/es\/wp-json\/wp\/v2\/posts"}],"about":[{"href":"https:\/\/www.afisec.com\/es\/wp-json\/wp\/v2\/types\/post"}],"author":[{"embeddable":true,"href":"https:\/\/www.afisec.com\/es\/wp-json\/wp\/v2\/users\/4"}],"replies":[{"embeddable":true,"href":"https:\/\/www.afisec.com\/es\/wp-json\/wp\/v2\/comments?post=9282"}],"version-history":[{"count":5,"href":"https:\/\/www.afisec.com\/es\/wp-json\/wp\/v2\/posts\/9282\/revisions"}],"predecessor-version":[{"id":9287,"href":"https:\/\/www.afisec.com\/es\/wp-json\/wp\/v2\/posts\/9282\/revisions\/9287"}],"wp:attachment":[{"href":"https:\/\/www.afisec.com\/es\/wp-json\/wp\/v2\/media?parent=9282"}],"wp:term":[{"taxonomy":"category","embeddable":true,"href":"https:\/\/www.afisec.com\/es\/wp-json\/wp\/v2\/categories?post=9282"},{"taxonomy":"post_tag","embeddable":true,"href":"https:\/\/www.afisec.com\/es\/wp-json\/wp\/v2\/tags?post=9282"}],"curies":[{"name":"wp","href":"https:\/\/api.w.org\/{rel}","templated":true}]}}