{"id":9320,"date":"2024-06-07T12:10:24","date_gmt":"2024-06-07T10:10:24","guid":{"rendered":"http:\/\/www.afisec.com\/es\/?p=9320"},"modified":"2024-08-02T12:17:40","modified_gmt":"2024-08-02T10:17:40","slug":"laboral-la-inspeccion-de-trabajo-podra-controlar-el-periodo-de-prueba-de-los-contratos-indefinidos","status":"publish","type":"post","link":"https:\/\/www.afisec.com\/es\/laboral-la-inspeccion-de-trabajo-podra-controlar-el-periodo-de-prueba-de-los-contratos-indefinidos\/","title":{"rendered":"LABORAL. La Inspecci\u00f3n de Trabajo podr\u00e1 controlar el per\u00edodo de prueba de los contratos indefinidos"},"content":{"rendered":"<p><img loading=\"lazy\" decoding=\"async\" class=\"size-full wp-image-9303\" src=\"http:\/\/www.afisec.com\/wp-content\/uploads\/FOTO-LABORAL-52.jpg\" alt=\"\" width=\"200\" height=\"270\" \/><\/p>\n<h5 id=\"tw-target-text\" class=\"tw-data-text tw-text-large tw-ta\" dir=\"ltr\" data-placeholder=\"Traducci\u00f3n\" aria-label=\"Texto traducido\" data-ved=\"2ahUKEwijkcPjiNaHAxXo2QIHHb6tHTsQ3ewLegQIBxAU\"><strong><span class=\"Y2IQFc\" lang=\"es\">Desde que entr\u00f3 en vigor la reforma laboral que no permite, salvo en casos muy particulares, realizar contratos temporales se ha disparado la extinci\u00f3n del contrato dentro del per\u00edodo de prueba.<\/span><\/strong><\/h5>\n<p id=\"tw-target-text\" class=\"tw-data-text tw-text-large tw-ta\" dir=\"ltr\" data-placeholder=\"Traducci\u00f3n\" aria-label=\"Texto traducido\" data-ved=\"2ahUKEwijkcPjiNaHAxXo2QIHHb6tHTsQ3ewLegQIBxAU\"><span class=\"Y2IQFc\" lang=\"es\">La vicepresidenta y ministra de Trabajo y Econom\u00eda Social, Yolanda D\u00edaz dice que \u00abes inadmisible que este per\u00edodo de prueba se utilice para defraudar el derecho de los trabajadores y trabajadoras a la estabilidad\u00bb. <\/span><\/p>\n<p class=\"tw-data-text tw-text-large tw-ta\" dir=\"ltr\" data-placeholder=\"Traducci\u00f3n\" aria-label=\"Texto traducido\" data-ved=\"2ahUKEwijkcPjiNaHAxXo2QIHHb6tHTsQ3ewLegQIBxAU\"><span class=\"Y2IQFc\" lang=\"es\">El alto incremento de extinciones de contratos durante este periodo ha hecho saltar las alarmas por entender que <strong>se trata de la intenci\u00f3n de contrataci\u00f3n temporal enmascarada en una indefinida.<\/strong><\/span><\/p>\n<p class=\"tw-data-text tw-text-large tw-ta\" dir=\"ltr\" data-placeholder=\"Traducci\u00f3n\" aria-label=\"Texto traducido\" data-ved=\"2ahUKEwijkcPjiNaHAxXo2QIHHb6tHTsQ3ewLegQIBxAU\"><span class=\"Y2IQFc\" lang=\"es\">As\u00ed pues, la Inspecci\u00f3n de Trabajo buscar\u00e1 posibles irregularidades para evitar que algunas empresas recurran a esta pr\u00e1ctica.<\/span><\/p>\n","protected":false},"excerpt":{"rendered":"<p>Desde que entr\u00f3 en vigor la reforma laboral que no permite, salvo en casos muy particulares, realizar contratos temporales se ha disparado la extinci\u00f3n del contrato dentro del per\u00edodo de prueba. La vicepresidenta y ministra de Trabajo y Econom\u00eda Social, Yolanda D\u00edaz dice que \u00abes inadmisible que este per\u00edodo de prueba se utilice para defraudar &#8230;<\/p>\n","protected":false},"author":4,"featured_media":0,"comment_status":"open","ping_status":"closed","sticky":false,"template":"","format":"standard","meta":{"_monsterinsights_skip_tracking":false,"_monsterinsights_sitenote_active":false,"_monsterinsights_sitenote_note":"","_monsterinsights_sitenote_category":0,"footnotes":""},"categories":[107],"tags":[970,601],"class_list":["post-9320","post","type-post","status-publish","format-standard","hentry","category-asesoria-y-gestion-laboral","tag-contratos-temporales","tag-inspeccion-de-trabajo"],"_links":{"self":[{"href":"https:\/\/www.afisec.com\/es\/wp-json\/wp\/v2\/posts\/9320","targetHints":{"allow":["GET"]}}],"collection":[{"href":"https:\/\/www.afisec.com\/es\/wp-json\/wp\/v2\/posts"}],"about":[{"href":"https:\/\/www.afisec.com\/es\/wp-json\/wp\/v2\/types\/post"}],"author":[{"embeddable":true,"href":"https:\/\/www.afisec.com\/es\/wp-json\/wp\/v2\/users\/4"}],"replies":[{"embeddable":true,"href":"https:\/\/www.afisec.com\/es\/wp-json\/wp\/v2\/comments?post=9320"}],"version-history":[{"count":1,"href":"https:\/\/www.afisec.com\/es\/wp-json\/wp\/v2\/posts\/9320\/revisions"}],"predecessor-version":[{"id":9321,"href":"https:\/\/www.afisec.com\/es\/wp-json\/wp\/v2\/posts\/9320\/revisions\/9321"}],"wp:attachment":[{"href":"https:\/\/www.afisec.com\/es\/wp-json\/wp\/v2\/media?parent=9320"}],"wp:term":[{"taxonomy":"category","embeddable":true,"href":"https:\/\/www.afisec.com\/es\/wp-json\/wp\/v2\/categories?post=9320"},{"taxonomy":"post_tag","embeddable":true,"href":"https:\/\/www.afisec.com\/es\/wp-json\/wp\/v2\/tags?post=9320"}],"curies":[{"name":"wp","href":"https:\/\/api.w.org\/{rel}","templated":true}]}}